{"id":5508,"date":"2016-06-15T14:52:01","date_gmt":"2016-06-15T14:52:01","guid":{"rendered":""},"modified":"2016-06-15T14:52:01","modified_gmt":"2016-06-15T14:52:01","slug":"donoso-en-colon-recupera-su-categoria-de-reserva-natural","status":"publish","type":"post","link":"https:\/\/sertv.gob.pa\/crisolfm\/donoso-en-colon-recupera-su-categoria-de-reserva-natural\/","title":{"rendered":"Donoso, en Col\u00f3n, recupera su categor\u00eda de reserva natural"},"content":{"rendered":"<p>\nEl  \u00e1rea protegida de Donoso , en la provincia de Col\u00f3n, volvi\u00f3 a recuperar su categor\u00eda de reserva natural, la cual hab\u00eda perdido en 2012. <\/p>\n<p>Un fallo de la Sala Tercera de lo Contencioso Administrativo de la Corte Suprema de Justicia (CSJ), fechado el 25 de mayo pasado, orden\u00f3 mantener la protecci\u00f3n del sitio ecol\u00f3gico. <\/p>\n<p>Por Donoso, que tiene unas  76 mil hect\u00e1reas de bosques tropicales, pasa el Corredor Biol\u00f3gico Mesoamericano de las Am\u00e9ricas.  <\/p>\n<p>Se trata de un lugar con ambientes terrestres, fluviales y marinos costeros, que colindan con el mar Caribe, Cocl\u00e9, Chagres y Veraguas. <\/p>\n<p>Sin embargo, la Sala Tercera suspendi\u00f3 provisionalmente en 2012 la resoluci\u00f3n que lo declaraba \u00e1rea protegida, por considerar que no hubo &ldquo;consulta p\u00fablica&rdquo; durante su categorizaci\u00f3n. <\/p>\n<p>El dictamen en aquel momento fue avalado por el entonces magistrado Alejandro Moncada Luna y su colega Efr\u00e9n Tello, suplente de Luis Ram\u00f3n F\u00e1brega. Su hom\u00f3logo V\u00edctor Benavides salv\u00f3 su voto. <\/p>\n<p>\u00a0 <\/p>\n","protected":false},"excerpt":{"rendered":"<p>El \u00e1rea protegida de Donoso , en la provincia de <a href=\"https:\/\/sertv.gob.pa\/crisolfm\/donoso-en-colon-recupera-su-categoria-de-reserva-natural\/\"> [&#8230;]<\/a><\/p>\n","protected":false},"author":1,"featured_media":5509,"comment_status":"closed","ping_status":"closed","sticky":false,"template":"","format":"standard","meta":{"footnotes":""},"categories":[7],"tags":[],"class_list":["post-5508","post","type-post","status-publish","format-standard","has-post-thumbnail","hentry","category-ecologicas"],"_links":{"self":[{"href":"https:\/\/sertv.gob.pa\/crisolfm\/wp-json\/wp\/v2\/posts\/5508","targetHints":{"allow":["GET"]}}],"collection":[{"href":"https:\/\/sertv.gob.pa\/crisolfm\/wp-json\/wp\/v2\/posts"}],"about":[{"href":"https:\/\/sertv.gob.pa\/crisolfm\/wp-json\/wp\/v2\/types\/post"}],"author":[{"embeddable":true,"href":"https:\/\/sertv.gob.pa\/crisolfm\/wp-json\/wp\/v2\/users\/1"}],"replies":[{"embeddable":true,"href":"https:\/\/sertv.gob.pa\/crisolfm\/wp-json\/wp\/v2\/comments?post=5508"}],"version-history":[{"count":0,"href":"https:\/\/sertv.gob.pa\/crisolfm\/wp-json\/wp\/v2\/posts\/5508\/revisions"}],"wp:featuredmedia":[{"embeddable":true,"href":"https:\/\/sertv.gob.pa\/crisolfm\/wp-json\/wp\/v2\/media\/5509"}],"wp:attachment":[{"href":"https:\/\/sertv.gob.pa\/crisolfm\/wp-json\/wp\/v2\/media?parent=5508"}],"wp:term":[{"taxonomy":"category","embeddable":true,"href":"https:\/\/sertv.gob.pa\/crisolfm\/wp-json\/wp\/v2\/categories?post=5508"},{"taxonomy":"post_tag","embeddable":true,"href":"https:\/\/sertv.gob.pa\/crisolfm\/wp-json\/wp\/v2\/tags?post=5508"}],"curies":[{"name":"wp","href":"https:\/\/api.w.org\/{rel}","templated":true}]}}