{"id":5530,"date":"2016-06-16T16:26:17","date_gmt":"2016-06-16T16:26:17","guid":{"rendered":""},"modified":"2016-06-16T16:26:17","modified_gmt":"2016-06-16T16:26:17","slug":"torre-para-controlar-fuegos-forestales-es-inaugurada","status":"publish","type":"post","link":"https:\/\/sertv.gob.pa\/crisolfm\/torre-para-controlar-fuegos-forestales-es-inaugurada\/","title":{"rendered":"Torre para controlar fuegos forestales es inaugurada"},"content":{"rendered":"<p>\nCon una torre de vigilancia de $23 mil d\u00f3lares, el Ministerio de Ambiente (MiAmbiente) intentar\u00e1 evitar que el fuego vuelva a consumir a la Reserva Forestal de Laguna de la Yeguada, en el distrito de Calobre, provincia de Veraguas. <\/p>\n<p>La torre fue inaugurada esta semana, cinco meses luego de que un incendio provocado accidentalmente arrasara con 1,500 metros de pinos, sembrados para proteger la laguna que alimenta la hidroel\u00e9ctrica de La Yeguada. Actualmente, la empresa Gas Natural Fenosa administra la hidroel\u00e9ctrica construida en 1967 que hoy produce 6.6 MW de energ\u00eda. <\/p>\n<p>La laguna artificial, de mil 638 kil\u00f3metros, con una profundidad m\u00e1xima de 6.5 metros, se cre\u00f3 sobre un cr\u00e1ter de origen volc\u00e1nico y hoy en d\u00eda es h\u00e1bitat de varias especies de peces de agua dulce, como tilapia, carpa, guapote, s\u00e1balo y otros, consumidos por las comunidades vecinas de escasos recursos <\/p>\n<p>La zona, de gran belleza natural, igualmente se ha convertido en un sitio popular para turistas, y especialmente para el camping. <\/p>\n<p>El fuego ocurrido en el mes de enero consumi\u00f3 parte del bosque de pinos variedad Caribe sembrados con el apoyo de la comunidad. Este fue provocado por unos visitantes que intentaban hacer una fogata para calentar alimentos. <\/p>\n<p>&lsquo;Los visitantes no suelen acatar las recomendaciones que les ofrecemos, y ello aumenta la probabilidad de que surjan incendios&#8217;, se\u00f1al\u00f3 Rogelio Rodr\u00edguez, director regional de MiAmbiente de Veraguas. <\/p>\n<p>La reserva forestal incluye 2,500 hect\u00e1reas sembradas de esta especie de pinos de valor maderable, f\u00e1cil presa de los incendios. <\/p>\n<p>La torre de 8 metros, instalada a mil 115 metros sobre el nivel del mar, en Cerro Verde, goza de una vista de 360 grados sobre los 70.9 kil\u00f3metros de la reserva forestal. <\/p>\n<p>All\u00ed se deber\u00e1 mantener un guardia forestal permanente, especialmente durante los meses de verano, para que est\u00e9 atento a cualquier conato de incendio en las \u00e1reas de bosques. <\/p>\n<p>La estructura fue financiada por la Organizaci\u00f3n Internacional de Maderas Tropicales (OIMT) y MiAmbiente. La misma cuenta con una escalera met\u00e1lica y una cabina de observaci\u00f3n, adem\u00e1s de un equipo de iluminaci\u00f3n a base de un panel solar. <\/p>\n<p>\u00a0 <\/p>\n","protected":false},"excerpt":{"rendered":"<p>Con una torre de vigilancia de $23 mil d\u00f3lares, el <a href=\"https:\/\/sertv.gob.pa\/crisolfm\/torre-para-controlar-fuegos-forestales-es-inaugurada\/\"> [&#8230;]<\/a><\/p>\n","protected":false},"author":1,"featured_media":5531,"comment_status":"closed","ping_status":"closed","sticky":false,"template":"","format":"standard","meta":{"footnotes":""},"categories":[7],"tags":[],"class_list":["post-5530","post","type-post","status-publish","format-standard","has-post-thumbnail","hentry","category-ecologicas"],"_links":{"self":[{"href":"https:\/\/sertv.gob.pa\/crisolfm\/wp-json\/wp\/v2\/posts\/5530","targetHints":{"allow":["GET"]}}],"collection":[{"href":"https:\/\/sertv.gob.pa\/crisolfm\/wp-json\/wp\/v2\/posts"}],"about":[{"href":"https:\/\/sertv.gob.pa\/crisolfm\/wp-json\/wp\/v2\/types\/post"}],"author":[{"embeddable":true,"href":"https:\/\/sertv.gob.pa\/crisolfm\/wp-json\/wp\/v2\/users\/1"}],"replies":[{"embeddable":true,"href":"https:\/\/sertv.gob.pa\/crisolfm\/wp-json\/wp\/v2\/comments?post=5530"}],"version-history":[{"count":0,"href":"https:\/\/sertv.gob.pa\/crisolfm\/wp-json\/wp\/v2\/posts\/5530\/revisions"}],"wp:featuredmedia":[{"embeddable":true,"href":"https:\/\/sertv.gob.pa\/crisolfm\/wp-json\/wp\/v2\/media\/5531"}],"wp:attachment":[{"href":"https:\/\/sertv.gob.pa\/crisolfm\/wp-json\/wp\/v2\/media?parent=5530"}],"wp:term":[{"taxonomy":"category","embeddable":true,"href":"https:\/\/sertv.gob.pa\/crisolfm\/wp-json\/wp\/v2\/categories?post=5530"},{"taxonomy":"post_tag","embeddable":true,"href":"https:\/\/sertv.gob.pa\/crisolfm\/wp-json\/wp\/v2\/tags?post=5530"}],"curies":[{"name":"wp","href":"https:\/\/api.w.org\/{rel}","templated":true}]}}