{"id":55763,"date":"2022-09-27T19:44:02","date_gmt":"2022-09-27T19:44:02","guid":{"rendered":"https:\/\/sertv.gob.pa\/crisolfm\/?p=55763"},"modified":"2022-09-27T19:44:02","modified_gmt":"2022-09-27T19:44:02","slug":"propanama-firman-acuerdo-con-imc-para-atraer-inversiones-patrimoniales-al-pais","status":"publish","type":"post","link":"https:\/\/sertv.gob.pa\/crisolfm\/propanama-firman-acuerdo-con-imc-para-atraer-inversiones-patrimoniales-al-pais\/","title":{"rendered":"ProPanam\u00e1 firman acuerdo con IMC, para atraer inversiones patrimoniales al pa\u00eds"},"content":{"rendered":"<p>Un acuerdo de colaboraci\u00f3n con el Consejo de Migraci\u00f3n de Inversiones (IMC, por sus siglas en ingl\u00e9s), que ofrece programas muy competitivos para atraer inversionistas de alto patrimonio, firm\u00f3 la Autoridad para la Atracci\u00f3n de Inversiones y la Promoci\u00f3n de Exportaciones (ProPanam\u00e1).<\/p>\n<p>El viceministro de Finanzas de Panam\u00e1, Jorge Luis Almengor C., quien particip\u00f3 en la r\u00fabrica del convenio, sostuvo que, es crucial contar con este tipo de iniciativas propulsadas por ProPanam\u00e1, que es apoyada por el Ministerio de Comercio e Industrias y la Secretaria Nacional de Migraci\u00f3n, para establecer programas de ciudadan\u00edas y de residencia para inversionistas calificados en la Rep\u00fablica de Panam\u00e1.<\/p>\n<p>\u201cEste acuerdo, nos va a dar un mayor alcance, ya que est\u00e1s iniciativas, descansan mucho en los esfuerzos del sector privado. Nosotros lo que logramos es que ellos se conviertan en los nuevos embajadores de la marca Panam\u00e1, que trasmitan las bondades y los beneficios de establecerse, invertir y vivir en Panam\u00e1\u201d, se\u00f1al\u00f3 el viceministro de Finanzas.<\/p>\n<p>A la vez, Almengor, destac\u00f3 las ventajas competitivas que posee Panam\u00e1, tales como: conectividad envidiable, posici\u00f3n geogr\u00e1fica estrat\u00e9gica, estabilidad econ\u00f3mica, financiera y pol\u00edtica. Adem\u00e1s, \u201cno somos impactados en igual medida como los otros pa\u00edses por los desastres naturales, causados por el cambio clim\u00e1tico mundial\u201d.<\/p>\n<p>Al establecerse en el pa\u00eds estas inversiones patrimoniales, se traducir\u00e1n en nuevos negocios, mayores plazas de empleos y m\u00e1s demanda de productos, bienes y servicios.<\/p>\n<p>El acuerdo, fue suscrito por el CEO del Consejo de Migraci\u00f3n de Inversiones, Bruno L\u2019ecuyer, y por ProPanam\u00e1, su administradora general, Carmen Gisela Vergara.<\/p>\n<p>&nbsp;<\/p>\n<p>Fuente: MEF<\/p>\n","protected":false},"excerpt":{"rendered":"<p>Un acuerdo de colaboraci\u00f3n con el Consejo de Migraci\u00f3n de <a href=\"https:\/\/sertv.gob.pa\/crisolfm\/propanama-firman-acuerdo-con-imc-para-atraer-inversiones-patrimoniales-al-pais\/\"> [&#8230;]<\/a><\/p>\n","protected":false},"author":9,"featured_media":55764,"comment_status":"closed","ping_status":"closed","sticky":false,"template":"","format":"standard","meta":{"footnotes":""},"categories":[9],"tags":[],"class_list":["post-55763","post","type-post","status-publish","format-standard","has-post-thumbnail","hentry","category-varios"],"_links":{"self":[{"href":"https:\/\/sertv.gob.pa\/crisolfm\/wp-json\/wp\/v2\/posts\/55763","targetHints":{"allow":["GET"]}}],"collection":[{"href":"https:\/\/sertv.gob.pa\/crisolfm\/wp-json\/wp\/v2\/posts"}],"about":[{"href":"https:\/\/sertv.gob.pa\/crisolfm\/wp-json\/wp\/v2\/types\/post"}],"author":[{"embeddable":true,"href":"https:\/\/sertv.gob.pa\/crisolfm\/wp-json\/wp\/v2\/users\/9"}],"replies":[{"embeddable":true,"href":"https:\/\/sertv.gob.pa\/crisolfm\/wp-json\/wp\/v2\/comments?post=55763"}],"version-history":[{"count":1,"href":"https:\/\/sertv.gob.pa\/crisolfm\/wp-json\/wp\/v2\/posts\/55763\/revisions"}],"predecessor-version":[{"id":55765,"href":"https:\/\/sertv.gob.pa\/crisolfm\/wp-json\/wp\/v2\/posts\/55763\/revisions\/55765"}],"wp:featuredmedia":[{"embeddable":true,"href":"https:\/\/sertv.gob.pa\/crisolfm\/wp-json\/wp\/v2\/media\/55764"}],"wp:attachment":[{"href":"https:\/\/sertv.gob.pa\/crisolfm\/wp-json\/wp\/v2\/media?parent=55763"}],"wp:term":[{"taxonomy":"category","embeddable":true,"href":"https:\/\/sertv.gob.pa\/crisolfm\/wp-json\/wp\/v2\/categories?post=55763"},{"taxonomy":"post_tag","embeddable":true,"href":"https:\/\/sertv.gob.pa\/crisolfm\/wp-json\/wp\/v2\/tags?post=55763"}],"curies":[{"name":"wp","href":"https:\/\/api.w.org\/{rel}","templated":true}]}}