{"id":5580,"date":"2016-06-22T16:23:57","date_gmt":"2016-06-22T16:23:57","guid":{"rendered":""},"modified":"2016-06-22T16:23:57","modified_gmt":"2016-06-22T16:23:57","slug":"tormentas-en-el-norte-de-la-india-dejan-muertos-y-heridos","status":"publish","type":"post","link":"https:\/\/sertv.gob.pa\/crisolfm\/tormentas-en-el-norte-de-la-india-dejan-muertos-y-heridos\/","title":{"rendered":"Tormentas en el norte de la India dejan muertos y heridos"},"content":{"rendered":"<p>\nAl menos 57 personas fallecieron y 24 resultaron heridas por los rayos y los efectos de varias tormentas en el norte de la India, informaron \u00a0a Efe fuentes de la Autoridad de Gesti\u00f3n de Desastres india. <\/p>\n<p>Los sucesos ocurridos entre ayer y hoy tuvieron lugar en varias localidades del estado de Bihar, como la capital Patna, donde murieron seis personas, indic\u00f3 el jefe regional de la Autoridad de Gesti\u00f3n de Desastres, Vyas, y su portavoz nacional, Anurag Gupta. <\/p>\n<p>El portavoz nacional aclar\u00f3 que, aunque muchas de las muertes se produjeron por impactos de rayos debido a las lluvias premonz\u00f3nicas que empiezan a azotar la regi\u00f3n, \u00abes muy dif\u00edcil identificar en las zonas rurales los motivos\u00bb exactos de los decesos. <\/p>\n<p>\u00abAdem\u00e1s de los rayos tambi\u00e9n hay fuertes vientos y pudo suceder que el techo de una casa o un \u00e1rbol se derrumbaran\u00bb, a\u00f1adi\u00f3 Gupta, que concluy\u00f3 que los motivos son \u00abuna mezcla de todos esos factores\u00bb. <\/p>\n<p>\u00a0 <\/p>\n","protected":false},"excerpt":{"rendered":"<p>Al menos 57 personas fallecieron y 24 resultaron heridas por <a href=\"https:\/\/sertv.gob.pa\/crisolfm\/tormentas-en-el-norte-de-la-india-dejan-muertos-y-heridos\/\"> [&#8230;]<\/a><\/p>\n","protected":false},"author":1,"featured_media":5581,"comment_status":"closed","ping_status":"closed","sticky":false,"template":"","format":"standard","meta":{"footnotes":""},"categories":[7],"tags":[],"class_list":["post-5580","post","type-post","status-publish","format-standard","has-post-thumbnail","hentry","category-ecologicas"],"_links":{"self":[{"href":"https:\/\/sertv.gob.pa\/crisolfm\/wp-json\/wp\/v2\/posts\/5580","targetHints":{"allow":["GET"]}}],"collection":[{"href":"https:\/\/sertv.gob.pa\/crisolfm\/wp-json\/wp\/v2\/posts"}],"about":[{"href":"https:\/\/sertv.gob.pa\/crisolfm\/wp-json\/wp\/v2\/types\/post"}],"author":[{"embeddable":true,"href":"https:\/\/sertv.gob.pa\/crisolfm\/wp-json\/wp\/v2\/users\/1"}],"replies":[{"embeddable":true,"href":"https:\/\/sertv.gob.pa\/crisolfm\/wp-json\/wp\/v2\/comments?post=5580"}],"version-history":[{"count":0,"href":"https:\/\/sertv.gob.pa\/crisolfm\/wp-json\/wp\/v2\/posts\/5580\/revisions"}],"wp:featuredmedia":[{"embeddable":true,"href":"https:\/\/sertv.gob.pa\/crisolfm\/wp-json\/wp\/v2\/media\/5581"}],"wp:attachment":[{"href":"https:\/\/sertv.gob.pa\/crisolfm\/wp-json\/wp\/v2\/media?parent=5580"}],"wp:term":[{"taxonomy":"category","embeddable":true,"href":"https:\/\/sertv.gob.pa\/crisolfm\/wp-json\/wp\/v2\/categories?post=5580"},{"taxonomy":"post_tag","embeddable":true,"href":"https:\/\/sertv.gob.pa\/crisolfm\/wp-json\/wp\/v2\/tags?post=5580"}],"curies":[{"name":"wp","href":"https:\/\/api.w.org\/{rel}","templated":true}]}}