{"id":5584,"date":"2016-06-23T15:07:45","date_gmt":"2016-06-23T15:07:45","guid":{"rendered":""},"modified":"2016-06-23T15:07:45","modified_gmt":"2016-06-23T15:07:45","slug":"tala-de-arboles-en-quebrada-la-zumbona-es-denunciada","status":"publish","type":"post","link":"https:\/\/sertv.gob.pa\/crisolfm\/tala-de-arboles-en-quebrada-la-zumbona-es-denunciada\/","title":{"rendered":"Tala de \u00e1rboles en quebrada La Zumbona es denunciada"},"content":{"rendered":"<p>\nMoradores de la comunidad de Bugaba denunciaron la tala y remoci\u00f3n de tierra en la quebrada La Zumbona, en la provincia de Chiriqu\u00ed, lo que, seg\u00fan manifestaron, ha afectado el \u00e1rea y su cauce. <\/p>\n<p>Jaime Montenegro, residente del lugar, expres\u00f3 que desde hace m\u00e1s de una semana varias personas estuvieron observando una maquinaria en esta quebrada, removiendo tierra y en labores de tala. <\/p>\n<p>\u00abNos pareci\u00f3 muy extra\u00f1o porque est\u00e1n da\u00f1ando una quebrada que es de importancia para el sector y se est\u00e1 destruyendo el medio ambiente&rdquo;, afirm\u00f3. <\/p>\n<p>La directora regional del Ministerio de Ambiente, Yilka Aguirre, dijo que, ante esta denuncia, se envi\u00f3 personal t\u00e9cnico del Departamento de H\u00eddrico y Forestal para efectuar una inspecci\u00f3n de campo en la quebrada ubicada en el corregimiento La Estrella, distrito de Bugaba, provincia de  Chiriqu\u00ed . <\/p>\n<p>Aguirre se\u00f1al\u00f3 que se pudo evidenciar la tala de bosque de galer\u00eda, desv\u00edo del caudal, embalse del afluente y contaminaci\u00f3n. <\/p>\n<p>Por el momento los trabajos en el cauce de la quebrada La Zumbona fueron suspendidos. <\/p>\n<p>\u00a0 <\/p>\n","protected":false},"excerpt":{"rendered":"<p>Moradores de la comunidad de Bugaba denunciaron la tala y <a href=\"https:\/\/sertv.gob.pa\/crisolfm\/tala-de-arboles-en-quebrada-la-zumbona-es-denunciada\/\"> [&#8230;]<\/a><\/p>\n","protected":false},"author":1,"featured_media":5585,"comment_status":"closed","ping_status":"closed","sticky":false,"template":"","format":"standard","meta":{"footnotes":""},"categories":[7],"tags":[],"class_list":["post-5584","post","type-post","status-publish","format-standard","has-post-thumbnail","hentry","category-ecologicas"],"_links":{"self":[{"href":"https:\/\/sertv.gob.pa\/crisolfm\/wp-json\/wp\/v2\/posts\/5584","targetHints":{"allow":["GET"]}}],"collection":[{"href":"https:\/\/sertv.gob.pa\/crisolfm\/wp-json\/wp\/v2\/posts"}],"about":[{"href":"https:\/\/sertv.gob.pa\/crisolfm\/wp-json\/wp\/v2\/types\/post"}],"author":[{"embeddable":true,"href":"https:\/\/sertv.gob.pa\/crisolfm\/wp-json\/wp\/v2\/users\/1"}],"replies":[{"embeddable":true,"href":"https:\/\/sertv.gob.pa\/crisolfm\/wp-json\/wp\/v2\/comments?post=5584"}],"version-history":[{"count":0,"href":"https:\/\/sertv.gob.pa\/crisolfm\/wp-json\/wp\/v2\/posts\/5584\/revisions"}],"wp:featuredmedia":[{"embeddable":true,"href":"https:\/\/sertv.gob.pa\/crisolfm\/wp-json\/wp\/v2\/media\/5585"}],"wp:attachment":[{"href":"https:\/\/sertv.gob.pa\/crisolfm\/wp-json\/wp\/v2\/media?parent=5584"}],"wp:term":[{"taxonomy":"category","embeddable":true,"href":"https:\/\/sertv.gob.pa\/crisolfm\/wp-json\/wp\/v2\/categories?post=5584"},{"taxonomy":"post_tag","embeddable":true,"href":"https:\/\/sertv.gob.pa\/crisolfm\/wp-json\/wp\/v2\/tags?post=5584"}],"curies":[{"name":"wp","href":"https:\/\/api.w.org\/{rel}","templated":true}]}}