{"id":5602,"date":"2016-06-24T16:24:56","date_gmt":"2016-06-24T16:24:56","guid":{"rendered":""},"modified":"2016-06-24T16:24:56","modified_gmt":"2016-06-24T16:24:56","slug":"zoologico-de-buenos-aires-es-cerrado-por-el-gobierno","status":"publish","type":"post","link":"https:\/\/sertv.gob.pa\/crisolfm\/zoologico-de-buenos-aires-es-cerrado-por-el-gobierno\/","title":{"rendered":"Zool\u00f3gico de Buenos Aires es cerrado por el Gobierno"},"content":{"rendered":"<p>\nEl Gobierno de la ciudad de Buenos Aires anunci\u00f3 el cierre del zool\u00f3gico de la capital argentina debido al &lsquo;estado&#8217; de las instalaciones en las que viven los animales y revel\u00f3 que pasar\u00e1 a ser un &lsquo;ecoparque&#8217; que promueva la educaci\u00f3n ambiental. <\/p>\n<p>&lsquo;Creemos que no da para m\u00e1s tener animales en este estado&#8217;, expres\u00f3 el jefe de Gobierno de la ciudad, Horacio Rodr\u00edguez Larreta, en una rueda de prensa motivada por la clausura del zool\u00f3gico capitalino, que pasar\u00e1 a ser un complejo interactivo centrado en la formaci\u00f3n ambiental en el que se ir\u00e1 reduciendo paulatinamente el n\u00famero de animales. <\/p>\n<p>El zool\u00f3gico permanecer\u00e1 cerrado hasta las vacaciones de invierno, que en Argentina inician el 18 de julio, fecha en la que reabrir\u00e1 como ecoparque e invertir\u00e1 el dinero de la entrada en transformar el espacio y trasladar a las cerca de 2,400 especies que, seg\u00fan la agencia estatal T\u00e9lam, habitan all\u00ed. <\/p>\n<p>De esta forma, la gesti\u00f3n del lugar, que desde 1991 y hasta finales de este a\u00f1o estaba en manos de la compa\u00f1\u00eda concesionaria Jard\u00edn Zool\u00f3gico SA, fue asumida por el Gobierno de la ciudad. <\/p>\n<p>\u00a0 <\/p>\n","protected":false},"excerpt":{"rendered":"<p>El Gobierno de la ciudad de Buenos Aires anunci\u00f3 el <a href=\"https:\/\/sertv.gob.pa\/crisolfm\/zoologico-de-buenos-aires-es-cerrado-por-el-gobierno\/\"> [&#8230;]<\/a><\/p>\n","protected":false},"author":1,"featured_media":5603,"comment_status":"closed","ping_status":"closed","sticky":false,"template":"","format":"standard","meta":{"footnotes":""},"categories":[7],"tags":[],"class_list":["post-5602","post","type-post","status-publish","format-standard","has-post-thumbnail","hentry","category-ecologicas"],"_links":{"self":[{"href":"https:\/\/sertv.gob.pa\/crisolfm\/wp-json\/wp\/v2\/posts\/5602","targetHints":{"allow":["GET"]}}],"collection":[{"href":"https:\/\/sertv.gob.pa\/crisolfm\/wp-json\/wp\/v2\/posts"}],"about":[{"href":"https:\/\/sertv.gob.pa\/crisolfm\/wp-json\/wp\/v2\/types\/post"}],"author":[{"embeddable":true,"href":"https:\/\/sertv.gob.pa\/crisolfm\/wp-json\/wp\/v2\/users\/1"}],"replies":[{"embeddable":true,"href":"https:\/\/sertv.gob.pa\/crisolfm\/wp-json\/wp\/v2\/comments?post=5602"}],"version-history":[{"count":0,"href":"https:\/\/sertv.gob.pa\/crisolfm\/wp-json\/wp\/v2\/posts\/5602\/revisions"}],"wp:featuredmedia":[{"embeddable":true,"href":"https:\/\/sertv.gob.pa\/crisolfm\/wp-json\/wp\/v2\/media\/5603"}],"wp:attachment":[{"href":"https:\/\/sertv.gob.pa\/crisolfm\/wp-json\/wp\/v2\/media?parent=5602"}],"wp:term":[{"taxonomy":"category","embeddable":true,"href":"https:\/\/sertv.gob.pa\/crisolfm\/wp-json\/wp\/v2\/categories?post=5602"},{"taxonomy":"post_tag","embeddable":true,"href":"https:\/\/sertv.gob.pa\/crisolfm\/wp-json\/wp\/v2\/tags?post=5602"}],"curies":[{"name":"wp","href":"https:\/\/api.w.org\/{rel}","templated":true}]}}