{"id":5608,"date":"2016-06-25T05:00:00","date_gmt":"2016-06-25T05:00:00","guid":{"rendered":""},"modified":"2016-06-25T05:00:00","modified_gmt":"2016-06-25T05:00:00","slug":"tras-cruzar-el-atlantico-avion-solar-aterriza-en-espana","status":"publish","type":"post","link":"https:\/\/sertv.gob.pa\/crisolfm\/tras-cruzar-el-atlantico-avion-solar-aterriza-en-espana\/","title":{"rendered":"Tras cruzar el Atl\u00e1ntico, avi\u00f3n solar aterriza en Espa\u00f1a"},"content":{"rendered":"<p>\nUn avi\u00f3n experimental impulsado por energ\u00eda solar complet\u00f3 el jueves un vuelo transatl\u00e1ntico de tres d\u00edas sin precedentes, en el tramo m\u00e1s reciente de su vuelta al mundo. <\/p>\n<p>El  Solar Impulse 2  aterriz\u00f3 en Sevilla, en el sur de  Espa\u00f1a , luego de un vuelo de 71 horas y ocho minutos que empez\u00f3 el lunes en Nueva York. <\/p>\n<p>Esta es la primera vez que un avi\u00f3n propulsado solo por energ\u00eda solar cubre un trayecto similar sin emplear combustible y con cero emisiones, apuntaron los organizadores. <\/p>\n<p>La aeronave recorri\u00f3 6\u00a0mil\u00a0765 kil\u00f3metros (4 mil 204 millas) a una altura m\u00e1xima de 8 mil 534 metros (27 mil 999 pies) y una velocidad promedio de 95 kph (59 mph), explic\u00f3 una nota en el sitio web oficial del proyecto. <\/p>\n<p>\u00c9sta fue la 15ta etapa de una vuelta al mundo que comenz\u00f3 en marzo de 2015 en Emiratos \u00c1rabes Unidos. <\/p>\n<p>Las alas del Solar Impulse 2, de mayor envergadura que las de un Boeing 747, est\u00e1n equipadas con 17 mil celdas solares que dan energ\u00eda a las h\u00e9lices y cargan las bater\u00edas. El avi\u00f3n vuela de noche con la energ\u00eda almacenada. <\/p>\n<p>Los pilotos son los suizos Bertrand Piccard y Andr\u00e9 Borschberg. El Aero-Club de Suiza se encarga de certificar los r\u00e9cords de vuelo. <\/p>\n<p>\u00a0 <\/p>\n","protected":false},"excerpt":{"rendered":"<p>Un avi\u00f3n experimental impulsado por energ\u00eda solar complet\u00f3 el jueves <a href=\"https:\/\/sertv.gob.pa\/crisolfm\/tras-cruzar-el-atlantico-avion-solar-aterriza-en-espana\/\"> [&#8230;]<\/a><\/p>\n","protected":false},"author":1,"featured_media":5609,"comment_status":"closed","ping_status":"closed","sticky":false,"template":"","format":"standard","meta":{"footnotes":""},"categories":[7],"tags":[],"class_list":["post-5608","post","type-post","status-publish","format-standard","has-post-thumbnail","hentry","category-ecologicas"],"_links":{"self":[{"href":"https:\/\/sertv.gob.pa\/crisolfm\/wp-json\/wp\/v2\/posts\/5608","targetHints":{"allow":["GET"]}}],"collection":[{"href":"https:\/\/sertv.gob.pa\/crisolfm\/wp-json\/wp\/v2\/posts"}],"about":[{"href":"https:\/\/sertv.gob.pa\/crisolfm\/wp-json\/wp\/v2\/types\/post"}],"author":[{"embeddable":true,"href":"https:\/\/sertv.gob.pa\/crisolfm\/wp-json\/wp\/v2\/users\/1"}],"replies":[{"embeddable":true,"href":"https:\/\/sertv.gob.pa\/crisolfm\/wp-json\/wp\/v2\/comments?post=5608"}],"version-history":[{"count":0,"href":"https:\/\/sertv.gob.pa\/crisolfm\/wp-json\/wp\/v2\/posts\/5608\/revisions"}],"wp:featuredmedia":[{"embeddable":true,"href":"https:\/\/sertv.gob.pa\/crisolfm\/wp-json\/wp\/v2\/media\/5609"}],"wp:attachment":[{"href":"https:\/\/sertv.gob.pa\/crisolfm\/wp-json\/wp\/v2\/media?parent=5608"}],"wp:term":[{"taxonomy":"category","embeddable":true,"href":"https:\/\/sertv.gob.pa\/crisolfm\/wp-json\/wp\/v2\/categories?post=5608"},{"taxonomy":"post_tag","embeddable":true,"href":"https:\/\/sertv.gob.pa\/crisolfm\/wp-json\/wp\/v2\/tags?post=5608"}],"curies":[{"name":"wp","href":"https:\/\/api.w.org\/{rel}","templated":true}]}}