{"id":5612,"date":"2016-06-27T15:21:31","date_gmt":"2016-06-27T15:21:31","guid":{"rendered":""},"modified":"2016-06-27T15:21:31","modified_gmt":"2016-06-27T15:21:31","slug":"investigan-a-13-porquerizas-en-los-santos","status":"publish","type":"post","link":"https:\/\/sertv.gob.pa\/crisolfm\/investigan-a-13-porquerizas-en-los-santos\/","title":{"rendered":"Investigan a 13 porquerizas en Los Santos"},"content":{"rendered":"<p>\nLa regional del Ministerio de Ambiente en Los Santos confirm\u00f3 la existencia de 13 procesos legales a igual cantidad de porquerizas en esa regi\u00f3n, por el incumplimiento de las normas ambientales. <\/p>\n<p>Dos se ubican en el corregimiento de La Palma, distrito de Las Tablas, otra en el de Las Cruces y las 11\u00a0restantes en el distrito de Macaracas, donde se han cerrado 2. <\/p>\n<p>La informaci\u00f3n la brind\u00f3 Marling Villarreal, jefa del Departamento de Calidad Ambiental de la Regional del Ministerio de Ambiente en Los Santos, quien a\u00f1adi\u00f3 que unas 13 porquerizas en la provincia tienen procesos legales por los problemas ambientales ocasionados. <\/p>\n<p>En tanto, mediante la Resoluci\u00f3n del Ministerio de Salud No. 37 se orden\u00f3 la reubicaci\u00f3n de una granja porcina ubicada en el corregimiento de Llano de Piedras a un \u00e1rea que cumpla con todos los requisitos que establezcan las leyes. <\/p>\n<p>Elpidio Vega, vocero del Comit\u00e9 del Agua y el Ambiente en la regi\u00f3n de Azuero, dijo que las autoridades de los ministerios de Ambiente y Salud han actuado por la presi\u00f3n de la poblaci\u00f3n y la contaminaci\u00f3n de que ha sido v\u00edctima el r\u00edo Estivan\u00e1. <\/p>\n<p>\u00a0 <\/p>\n","protected":false},"excerpt":{"rendered":"<p>La regional del Ministerio de Ambiente en Los Santos confirm\u00f3 <a href=\"https:\/\/sertv.gob.pa\/crisolfm\/investigan-a-13-porquerizas-en-los-santos\/\"> [&#8230;]<\/a><\/p>\n","protected":false},"author":1,"featured_media":5613,"comment_status":"closed","ping_status":"closed","sticky":false,"template":"","format":"standard","meta":{"footnotes":""},"categories":[7],"tags":[],"class_list":["post-5612","post","type-post","status-publish","format-standard","has-post-thumbnail","hentry","category-ecologicas"],"_links":{"self":[{"href":"https:\/\/sertv.gob.pa\/crisolfm\/wp-json\/wp\/v2\/posts\/5612","targetHints":{"allow":["GET"]}}],"collection":[{"href":"https:\/\/sertv.gob.pa\/crisolfm\/wp-json\/wp\/v2\/posts"}],"about":[{"href":"https:\/\/sertv.gob.pa\/crisolfm\/wp-json\/wp\/v2\/types\/post"}],"author":[{"embeddable":true,"href":"https:\/\/sertv.gob.pa\/crisolfm\/wp-json\/wp\/v2\/users\/1"}],"replies":[{"embeddable":true,"href":"https:\/\/sertv.gob.pa\/crisolfm\/wp-json\/wp\/v2\/comments?post=5612"}],"version-history":[{"count":0,"href":"https:\/\/sertv.gob.pa\/crisolfm\/wp-json\/wp\/v2\/posts\/5612\/revisions"}],"wp:featuredmedia":[{"embeddable":true,"href":"https:\/\/sertv.gob.pa\/crisolfm\/wp-json\/wp\/v2\/media\/5613"}],"wp:attachment":[{"href":"https:\/\/sertv.gob.pa\/crisolfm\/wp-json\/wp\/v2\/media?parent=5612"}],"wp:term":[{"taxonomy":"category","embeddable":true,"href":"https:\/\/sertv.gob.pa\/crisolfm\/wp-json\/wp\/v2\/categories?post=5612"},{"taxonomy":"post_tag","embeddable":true,"href":"https:\/\/sertv.gob.pa\/crisolfm\/wp-json\/wp\/v2\/tags?post=5612"}],"curies":[{"name":"wp","href":"https:\/\/api.w.org\/{rel}","templated":true}]}}