{"id":5614,"date":"2016-06-27T15:28:56","date_gmt":"2016-06-27T15:28:56","guid":{"rendered":""},"modified":"2016-06-27T15:28:56","modified_gmt":"2016-06-27T15:28:56","slug":"emergencia-ambiental-en-santiago-de-chile-es-decretada","status":"publish","type":"post","link":"https:\/\/sertv.gob.pa\/crisolfm\/emergencia-ambiental-en-santiago-de-chile-es-decretada\/","title":{"rendered":"Emergencia ambiental en Santiago de Chile es decretada"},"content":{"rendered":"<p>\nSantiago de Chile amanece hoy \u00a0lunes bajo su primera emergencia ambiental del a\u00f1o, debido a la alta contaminaci\u00f3n que afecta a la capital chilena, lo que paralizar\u00e1 al menos el  40% del parque automotriz , anunciaron el domingo las autoridades. <\/p>\n<p>La medida fue adoptada \u00abdebido a las malas condiciones de ventilaci\u00f3n y con el objeto de resguardar la salud de la poblaci\u00f3n\u00bb, se\u00f1al\u00f3 un comunicado difundido por la Intendencia (Gobernaci\u00f3n) de Santiago. <\/p>\n<p>La emergencia ambiental es la primera que se dicta desde junio del a\u00f1o pasado cuando en Chile se disputaba la Copa Am\u00e9rica. <\/p>\n<p>Esta medida es la m\u00e1xima alerta que contempla la legislaci\u00f3n chilena y se toma cuando los niveles de poluci\u00f3n de las 11 estaciones de medici\u00f3n de la calidad del aire de Santiago superan el  nivel 500 de material particulado . <\/p>\n<p>Durante este lunes, d\u00eda feriado en Chile, el 40% del parque automotriz de Santiago, que supera los 1,9 millones de veh\u00edculos, est\u00e1 paralizado al igual que 2 mil 558 fuentes fijas industriales. <\/p>\n<p>Las autoridades igualmente prohibieron el total uso de calefactores a le\u00f1a y los derivados de la madera, recomendaron no efectuar actividades deportivas al aire libre y la suspensi\u00f3n de clases de educaci\u00f3n f\u00edsica en colegios, pese a que ser\u00e1 feriado. <\/p>\n<p>La medida se toma luego de haberse decretado nueve preemergencias ambientales en dos semanas en Santiago, la capital chilena de unos siete millones de habitantes. <\/p>\n<p>Santiago es una de las capitales de la regi\u00f3n con  altos niveles de contaminaci\u00f3n  a ra\u00edz de una nefasta combinaci\u00f3n de factores geogr\u00e1ficos, clim\u00e1ticos y medidas poco eficientes. <\/p>\n<p>\u00a0 <\/p>\n","protected":false},"excerpt":{"rendered":"<p>Santiago de Chile amanece hoy \u00a0lunes bajo su primera emergencia <a href=\"https:\/\/sertv.gob.pa\/crisolfm\/emergencia-ambiental-en-santiago-de-chile-es-decretada\/\"> [&#8230;]<\/a><\/p>\n","protected":false},"author":1,"featured_media":5615,"comment_status":"closed","ping_status":"closed","sticky":false,"template":"","format":"standard","meta":{"footnotes":""},"categories":[7],"tags":[],"class_list":["post-5614","post","type-post","status-publish","format-standard","has-post-thumbnail","hentry","category-ecologicas"],"_links":{"self":[{"href":"https:\/\/sertv.gob.pa\/crisolfm\/wp-json\/wp\/v2\/posts\/5614","targetHints":{"allow":["GET"]}}],"collection":[{"href":"https:\/\/sertv.gob.pa\/crisolfm\/wp-json\/wp\/v2\/posts"}],"about":[{"href":"https:\/\/sertv.gob.pa\/crisolfm\/wp-json\/wp\/v2\/types\/post"}],"author":[{"embeddable":true,"href":"https:\/\/sertv.gob.pa\/crisolfm\/wp-json\/wp\/v2\/users\/1"}],"replies":[{"embeddable":true,"href":"https:\/\/sertv.gob.pa\/crisolfm\/wp-json\/wp\/v2\/comments?post=5614"}],"version-history":[{"count":0,"href":"https:\/\/sertv.gob.pa\/crisolfm\/wp-json\/wp\/v2\/posts\/5614\/revisions"}],"wp:featuredmedia":[{"embeddable":true,"href":"https:\/\/sertv.gob.pa\/crisolfm\/wp-json\/wp\/v2\/media\/5615"}],"wp:attachment":[{"href":"https:\/\/sertv.gob.pa\/crisolfm\/wp-json\/wp\/v2\/media?parent=5614"}],"wp:term":[{"taxonomy":"category","embeddable":true,"href":"https:\/\/sertv.gob.pa\/crisolfm\/wp-json\/wp\/v2\/categories?post=5614"},{"taxonomy":"post_tag","embeddable":true,"href":"https:\/\/sertv.gob.pa\/crisolfm\/wp-json\/wp\/v2\/tags?post=5614"}],"curies":[{"name":"wp","href":"https:\/\/api.w.org\/{rel}","templated":true}]}}