{"id":5622,"date":"2016-06-27T16:18:07","date_gmt":"2016-06-27T16:18:07","guid":{"rendered":""},"modified":"2016-06-27T16:18:07","modified_gmt":"2016-06-27T16:18:07","slug":"ambientalistas-de-33-paises-se-reunen-en-panama","status":"publish","type":"post","link":"https:\/\/sertv.gob.pa\/crisolfm\/ambientalistas-de-33-paises-se-reunen-en-panama\/","title":{"rendered":"Ambientalistas de 33 pa\u00edses se re\u00fanen en Panam\u00e1"},"content":{"rendered":"<p>\nEl Ministerio de Ambiente, el Consejo Nacional para el Cambio Clim\u00e1tico y el Mecanismo de Desarrollo Limpio de Dominicana firman un acuerdo de colaboraci\u00f3n t\u00e9cnica para el cambio clim\u00e1tico y el mecanismo limpio para abordar los temas de mitigaci\u00f3n.\u00a0 <\/p>\n<p>Con el acuerdo las organizaciones se comprometen a trabajar conjunta y coordinadamente a trav\u00e9s de proyectos y actividades para efectuar una \u00abAcci\u00f3n Nacional de Mitigaci\u00f3n (NAMA, por sus siglas en ingl\u00e9s) a nivel internacional con enfoque en los sectores de cemento, energ\u00eda y gesti\u00f3n de residuos. \u00a0 \u00a0\u00a0 <\/p>\n<p>La firma del acuerdo se llev\u00f3 a cabo durante la reuni\u00f3n de ministros de ambiente y autoridades de alto nivel relacionadas con temas de cambio clim\u00e1tico de los 33 pa\u00edses de la Comunidad de Estados Latinoamericanos y del Caribe (Celac) que se encuentran en Panam\u00e1 para compartir experiencias y propuestas dirigidas a definir l\u00edneas de trabajo con las que se pueda hacer frente al cambio clim\u00e1tico en la regi\u00f3n. <\/p>\n<p>La vicepresidenta y canciller de Panam\u00e1, Isabel Saint Malo as\u00ed como la ministra de Ambiente, Mirey Endara, indicaron que se permitir\u00e1 a los \u00a0ministros de Ambiente y dem\u00e1s autoridades regionales especializadas en la tem\u00e1tica puedan empezar a ejecutar los acuerdos y compromisos alcanzados en la COP21, en diciembre del a\u00f1o pasado -en Par\u00eds-. <\/p>\n<p>Asimismo, se analizar\u00e1n los avances en los objetivos planteados por la regi\u00f3n para los pr\u00f3ximos a\u00f1os y as\u00ed aprovechar la coyuntura del encuentro para reiterar a los pa\u00edses la propuesta del Centro Internacional para la Implementaci\u00f3n del Mecanismo de Reducci\u00f3n de Emisiones por Degradaci\u00f3n y Deforestaci\u00f3n (REDD+), uno de los proyectos principales luego del acuerdo de Par\u00eds. <\/p>\n<p>\u00a0 <\/p>\n<p>\u00a0 <\/p>\n","protected":false},"excerpt":{"rendered":"<p>El Ministerio de Ambiente, el Consejo Nacional para el Cambio <a href=\"https:\/\/sertv.gob.pa\/crisolfm\/ambientalistas-de-33-paises-se-reunen-en-panama\/\"> [&#8230;]<\/a><\/p>\n","protected":false},"author":1,"featured_media":5623,"comment_status":"closed","ping_status":"closed","sticky":false,"template":"","format":"standard","meta":{"footnotes":""},"categories":[7],"tags":[],"class_list":["post-5622","post","type-post","status-publish","format-standard","has-post-thumbnail","hentry","category-ecologicas"],"_links":{"self":[{"href":"https:\/\/sertv.gob.pa\/crisolfm\/wp-json\/wp\/v2\/posts\/5622","targetHints":{"allow":["GET"]}}],"collection":[{"href":"https:\/\/sertv.gob.pa\/crisolfm\/wp-json\/wp\/v2\/posts"}],"about":[{"href":"https:\/\/sertv.gob.pa\/crisolfm\/wp-json\/wp\/v2\/types\/post"}],"author":[{"embeddable":true,"href":"https:\/\/sertv.gob.pa\/crisolfm\/wp-json\/wp\/v2\/users\/1"}],"replies":[{"embeddable":true,"href":"https:\/\/sertv.gob.pa\/crisolfm\/wp-json\/wp\/v2\/comments?post=5622"}],"version-history":[{"count":0,"href":"https:\/\/sertv.gob.pa\/crisolfm\/wp-json\/wp\/v2\/posts\/5622\/revisions"}],"wp:featuredmedia":[{"embeddable":true,"href":"https:\/\/sertv.gob.pa\/crisolfm\/wp-json\/wp\/v2\/media\/5623"}],"wp:attachment":[{"href":"https:\/\/sertv.gob.pa\/crisolfm\/wp-json\/wp\/v2\/media?parent=5622"}],"wp:term":[{"taxonomy":"category","embeddable":true,"href":"https:\/\/sertv.gob.pa\/crisolfm\/wp-json\/wp\/v2\/categories?post=5622"},{"taxonomy":"post_tag","embeddable":true,"href":"https:\/\/sertv.gob.pa\/crisolfm\/wp-json\/wp\/v2\/tags?post=5622"}],"curies":[{"name":"wp","href":"https:\/\/api.w.org\/{rel}","templated":true}]}}