{"id":5628,"date":"2016-06-28T15:39:48","date_gmt":"2016-06-28T15:39:48","guid":{"rendered":""},"modified":"2016-06-28T15:39:48","modified_gmt":"2016-06-28T15:39:48","slug":"cerca-de-6-5-millones-de-muertes-por-contaminacion-del-aire","status":"publish","type":"post","link":"https:\/\/sertv.gob.pa\/crisolfm\/cerca-de-6-5-millones-de-muertes-por-contaminacion-del-aire\/","title":{"rendered":"Cerca de 6.5 millones de muertes por contaminaci\u00f3n del aire"},"content":{"rendered":"<p>\nAnualmente fallecen alrededor de  6.5 millones de personas en todo el mundo  por problemas relacionados con la contaminaci\u00f3n del aire, advirti\u00f3 el lunes la Agencia Internacional de Energ\u00eda, que a\u00f1adi\u00f3 que esa cifra aumentar\u00e1 a menos que el sector de producci\u00f3n de energ\u00eda intensifique sus esfuerzos para disminuir las emisiones. <\/p>\n<p>En su primer informe sobre el tema, la agencia con sede en Par\u00eds recalc\u00f3 que la contaminaci\u00f3n del aire es la cuarta mayor amenaza para la salud humana, luego de la presi\u00f3n arterial alta, la mala alimentaci\u00f3n y el tabaquismo. <\/p>\n<p>\u00abSi no se cambia la forma en la que el mundo produce y consume energ\u00eda, la cifra desastrosa de la contaminaci\u00f3n atmosf\u00e9rica sobre la vida humana se va a incrementar\u00bb, advirti\u00f3 el informe. <\/p>\n<p>La contaminaci\u00f3n del aire proviene principalmente de centrales el\u00e9ctricas, f\u00e1bricas y autom\u00f3viles, mientras que la contaminaci\u00f3n del aire en interiores es ocasionada por cocinas de combusti\u00f3n sucia, principalmente en los pa\u00edses en desarrollo. <\/p>\n<p>\u00a0 <\/p>\n","protected":false},"excerpt":{"rendered":"<p>Anualmente fallecen alrededor de 6.5 millones de personas en todo <a href=\"https:\/\/sertv.gob.pa\/crisolfm\/cerca-de-6-5-millones-de-muertes-por-contaminacion-del-aire\/\"> [&#8230;]<\/a><\/p>\n","protected":false},"author":1,"featured_media":5629,"comment_status":"closed","ping_status":"closed","sticky":false,"template":"","format":"standard","meta":{"footnotes":""},"categories":[7],"tags":[],"class_list":["post-5628","post","type-post","status-publish","format-standard","has-post-thumbnail","hentry","category-ecologicas"],"_links":{"self":[{"href":"https:\/\/sertv.gob.pa\/crisolfm\/wp-json\/wp\/v2\/posts\/5628","targetHints":{"allow":["GET"]}}],"collection":[{"href":"https:\/\/sertv.gob.pa\/crisolfm\/wp-json\/wp\/v2\/posts"}],"about":[{"href":"https:\/\/sertv.gob.pa\/crisolfm\/wp-json\/wp\/v2\/types\/post"}],"author":[{"embeddable":true,"href":"https:\/\/sertv.gob.pa\/crisolfm\/wp-json\/wp\/v2\/users\/1"}],"replies":[{"embeddable":true,"href":"https:\/\/sertv.gob.pa\/crisolfm\/wp-json\/wp\/v2\/comments?post=5628"}],"version-history":[{"count":0,"href":"https:\/\/sertv.gob.pa\/crisolfm\/wp-json\/wp\/v2\/posts\/5628\/revisions"}],"wp:featuredmedia":[{"embeddable":true,"href":"https:\/\/sertv.gob.pa\/crisolfm\/wp-json\/wp\/v2\/media\/5629"}],"wp:attachment":[{"href":"https:\/\/sertv.gob.pa\/crisolfm\/wp-json\/wp\/v2\/media?parent=5628"}],"wp:term":[{"taxonomy":"category","embeddable":true,"href":"https:\/\/sertv.gob.pa\/crisolfm\/wp-json\/wp\/v2\/categories?post=5628"},{"taxonomy":"post_tag","embeddable":true,"href":"https:\/\/sertv.gob.pa\/crisolfm\/wp-json\/wp\/v2\/tags?post=5628"}],"curies":[{"name":"wp","href":"https:\/\/api.w.org\/{rel}","templated":true}]}}