{"id":5646,"date":"2016-06-29T18:41:43","date_gmt":"2016-06-29T18:41:43","guid":{"rendered":""},"modified":"2016-06-29T18:41:43","modified_gmt":"2016-06-29T18:41:43","slug":"buscan-novia-para-el-aguila-arpia-panama","status":"publish","type":"post","link":"https:\/\/sertv.gob.pa\/crisolfm\/buscan-novia-para-el-aguila-arpia-panama\/","title":{"rendered":"Buscan novia para el \u00e1guila arp\u00eda \u201cPanam\u00e1\u201d"},"content":{"rendered":"<p>\nEl Patronato del \u00c1guila Arp\u00eda, directivos del Ministerio de Ambiente y del Summit celebraron una reuni\u00f3n especial para evaluar la posibilidad de facilitar en el parque municipal\u00a0la procreaci\u00f3n del ave nacional de Panam\u00e1\u00a0 <\/p>\n<p>En el encuentro particip\u00f3 Ron Magill, director de comunicaci\u00f3n del zool\u00f3gico de Miami, donde en el a\u00f1o 2009 naci\u00f3 el \u00e1guila arp\u00eda &ldquo;Panam\u00e1&rdquo;, ave\u00a0 que ya habita en un recinto especial del Summit. <\/p>\n<p>El Summit atendi\u00f3 la recuperaci\u00f3n\u00a0 de un \u00e1guila arp\u00eda macho, de nombre Chunga, que vivi\u00f3 en estado silvestre y que fue herido por cazadores. Rescatado por el Ministerio de Ambiente en la Provincia de Dari\u00e9n, el ave ya est\u00e1 en buen estado. <\/p>\n<p>Edgar Arauz, administrador del parque municipal Summit, indic\u00f3 que \u00a0\u00abla salud y estado del \u00e1guila arp\u00eda macho es excelente\u00bb, por lo que ha surgido la oportunidad de emparejarlo con\u00a0 &ldquo;Panam\u00e1&rdquo;. <\/p>\n<p>Seg\u00fan Ron Magill, el proceso es \u00a0\u00abdelicado y lento\u00bb, \u00a0por lo que, de ser \u00a0exitoso, ser\u00e1 un evento digno de documentaci\u00f3n, que, para efectos did\u00e1cticos, se registrar\u00eda con amplio material audiovisual. <\/p>\n<p>\u00a0 <\/p>\n","protected":false},"excerpt":{"rendered":"<p>El Patronato del \u00c1guila Arp\u00eda, directivos del Ministerio de Ambiente <a href=\"https:\/\/sertv.gob.pa\/crisolfm\/buscan-novia-para-el-aguila-arpia-panama\/\"> [&#8230;]<\/a><\/p>\n","protected":false},"author":1,"featured_media":5647,"comment_status":"closed","ping_status":"closed","sticky":false,"template":"","format":"standard","meta":{"footnotes":""},"categories":[7],"tags":[],"class_list":["post-5646","post","type-post","status-publish","format-standard","has-post-thumbnail","hentry","category-ecologicas"],"_links":{"self":[{"href":"https:\/\/sertv.gob.pa\/crisolfm\/wp-json\/wp\/v2\/posts\/5646","targetHints":{"allow":["GET"]}}],"collection":[{"href":"https:\/\/sertv.gob.pa\/crisolfm\/wp-json\/wp\/v2\/posts"}],"about":[{"href":"https:\/\/sertv.gob.pa\/crisolfm\/wp-json\/wp\/v2\/types\/post"}],"author":[{"embeddable":true,"href":"https:\/\/sertv.gob.pa\/crisolfm\/wp-json\/wp\/v2\/users\/1"}],"replies":[{"embeddable":true,"href":"https:\/\/sertv.gob.pa\/crisolfm\/wp-json\/wp\/v2\/comments?post=5646"}],"version-history":[{"count":0,"href":"https:\/\/sertv.gob.pa\/crisolfm\/wp-json\/wp\/v2\/posts\/5646\/revisions"}],"wp:featuredmedia":[{"embeddable":true,"href":"https:\/\/sertv.gob.pa\/crisolfm\/wp-json\/wp\/v2\/media\/5647"}],"wp:attachment":[{"href":"https:\/\/sertv.gob.pa\/crisolfm\/wp-json\/wp\/v2\/media?parent=5646"}],"wp:term":[{"taxonomy":"category","embeddable":true,"href":"https:\/\/sertv.gob.pa\/crisolfm\/wp-json\/wp\/v2\/categories?post=5646"},{"taxonomy":"post_tag","embeddable":true,"href":"https:\/\/sertv.gob.pa\/crisolfm\/wp-json\/wp\/v2\/tags?post=5646"}],"curies":[{"name":"wp","href":"https:\/\/api.w.org\/{rel}","templated":true}]}}