{"id":5662,"date":"2016-07-01T15:18:02","date_gmt":"2016-07-01T15:18:02","guid":{"rendered":""},"modified":"2016-07-01T15:18:02","modified_gmt":"2016-07-01T15:18:02","slug":"en-isla-cana-rescatan-a-delfin","status":"publish","type":"post","link":"https:\/\/sertv.gob.pa\/crisolfm\/en-isla-cana-rescatan-a-delfin\/","title":{"rendered":"En Isla Ca\u00f1a rescatan a delf\u00edn"},"content":{"rendered":"<p>\nUn funcionario del  Ministerio de Ambiente (Mi Ambiente)  en conjunto con integrantes de la  Polic\u00eda Nacional (PN)  rescataron a un delf\u00edn que qued\u00f3 varado en las playas de la  Isla Ca\u00f1as , distrito de Tonos\u00ed, en la provincia de Los Santos. <\/p>\n<p>De acuerdo al reporte de Mi Ambiente Los Santos, se trata de un delf\u00edn stenella coeruleoalba, de 1.7 metros de longitud. El animal fue encontrado varado en  Isla Ca\u00f1as  y luego devuelto al mar. <\/p>\n<p>Hace\u00a0un mes que en la playa el Ostional, de Guanico Abajo, del distrito de Tonos\u00ed arribaron unos 50 delfines, de los cuales 40 fueron devueltos al mar, pero 10 fallecieron en la playa. <\/p>\n<p>Las autoridades locales y el  Servicio Nacional Aeronaval (Senan)  monitorean la zona costera con el fin de detectar si hay m\u00e1s animales de esta especie varados. <\/p>\n<p>\u00a0 <\/p>\n","protected":false},"excerpt":{"rendered":"<p>Un funcionario del Ministerio de Ambiente (Mi Ambiente) en conjunto <a href=\"https:\/\/sertv.gob.pa\/crisolfm\/en-isla-cana-rescatan-a-delfin\/\"> [&#8230;]<\/a><\/p>\n","protected":false},"author":1,"featured_media":5663,"comment_status":"closed","ping_status":"closed","sticky":false,"template":"","format":"standard","meta":{"footnotes":""},"categories":[7],"tags":[],"class_list":["post-5662","post","type-post","status-publish","format-standard","has-post-thumbnail","hentry","category-ecologicas"],"_links":{"self":[{"href":"https:\/\/sertv.gob.pa\/crisolfm\/wp-json\/wp\/v2\/posts\/5662","targetHints":{"allow":["GET"]}}],"collection":[{"href":"https:\/\/sertv.gob.pa\/crisolfm\/wp-json\/wp\/v2\/posts"}],"about":[{"href":"https:\/\/sertv.gob.pa\/crisolfm\/wp-json\/wp\/v2\/types\/post"}],"author":[{"embeddable":true,"href":"https:\/\/sertv.gob.pa\/crisolfm\/wp-json\/wp\/v2\/users\/1"}],"replies":[{"embeddable":true,"href":"https:\/\/sertv.gob.pa\/crisolfm\/wp-json\/wp\/v2\/comments?post=5662"}],"version-history":[{"count":0,"href":"https:\/\/sertv.gob.pa\/crisolfm\/wp-json\/wp\/v2\/posts\/5662\/revisions"}],"wp:featuredmedia":[{"embeddable":true,"href":"https:\/\/sertv.gob.pa\/crisolfm\/wp-json\/wp\/v2\/media\/5663"}],"wp:attachment":[{"href":"https:\/\/sertv.gob.pa\/crisolfm\/wp-json\/wp\/v2\/media?parent=5662"}],"wp:term":[{"taxonomy":"category","embeddable":true,"href":"https:\/\/sertv.gob.pa\/crisolfm\/wp-json\/wp\/v2\/categories?post=5662"},{"taxonomy":"post_tag","embeddable":true,"href":"https:\/\/sertv.gob.pa\/crisolfm\/wp-json\/wp\/v2\/tags?post=5662"}],"curies":[{"name":"wp","href":"https:\/\/api.w.org\/{rel}","templated":true}]}}