{"id":5664,"date":"2016-07-01T15:57:47","date_gmt":"2016-07-01T15:57:47","guid":{"rendered":""},"modified":"2016-07-01T15:57:47","modified_gmt":"2016-07-01T15:57:47","slug":"fuertes-vientos-tumban-mas-de-200-arboles-en-macaracas","status":"publish","type":"post","link":"https:\/\/sertv.gob.pa\/crisolfm\/fuertes-vientos-tumban-mas-de-200-arboles-en-macaracas\/","title":{"rendered":"Fuertes vientos tumban m\u00e1s de 200 \u00e1rboles en Macaracas"},"content":{"rendered":"<p>\n M\u00e1s de 200 \u00e1rboles \u00a0fueron derribados por los fuertes vientos entre la tarde de este 30 de junio y la ma\u00f1ana de hoy 1 de julio en el sector de Macaracas, en la provincia de Los Santos. <\/p>\n<p>La mayor cantidad de \u00e1rboles derribados fueron reportados en el sector de El Arenal, a orillas de la v\u00eda hacia Macaracas. En esa zona una gran cantidad de \u00e1rboles cayeron sobre la v\u00eda y postes del tendido el\u00e9ctrico. <\/p>\n<p>Por m\u00e1s de dos horas la v\u00eda hacia Macaracas permaneci\u00f3 obstruida, mientras que en Isla Iguana, en el distrito de Pedas\u00ed, igualmente se reportaron \u00e1rboles ca\u00eddos. <\/p>\n<p>Las v\u00edas han tenido que ser despejadas por los miembros del Cuerpo de Bomberos. Hasta el momento de redactar esta informaci\u00f3n no hab\u00eda reportes de heridos. <\/p>\n<p>\u00a0 <\/p>\n","protected":false},"excerpt":{"rendered":"<p>M\u00e1s de 200 \u00e1rboles \u00a0fueron derribados por los fuertes vientos <a href=\"https:\/\/sertv.gob.pa\/crisolfm\/fuertes-vientos-tumban-mas-de-200-arboles-en-macaracas\/\"> [&#8230;]<\/a><\/p>\n","protected":false},"author":1,"featured_media":5665,"comment_status":"closed","ping_status":"closed","sticky":false,"template":"","format":"standard","meta":{"footnotes":""},"categories":[7],"tags":[],"class_list":["post-5664","post","type-post","status-publish","format-standard","has-post-thumbnail","hentry","category-ecologicas"],"_links":{"self":[{"href":"https:\/\/sertv.gob.pa\/crisolfm\/wp-json\/wp\/v2\/posts\/5664","targetHints":{"allow":["GET"]}}],"collection":[{"href":"https:\/\/sertv.gob.pa\/crisolfm\/wp-json\/wp\/v2\/posts"}],"about":[{"href":"https:\/\/sertv.gob.pa\/crisolfm\/wp-json\/wp\/v2\/types\/post"}],"author":[{"embeddable":true,"href":"https:\/\/sertv.gob.pa\/crisolfm\/wp-json\/wp\/v2\/users\/1"}],"replies":[{"embeddable":true,"href":"https:\/\/sertv.gob.pa\/crisolfm\/wp-json\/wp\/v2\/comments?post=5664"}],"version-history":[{"count":0,"href":"https:\/\/sertv.gob.pa\/crisolfm\/wp-json\/wp\/v2\/posts\/5664\/revisions"}],"wp:featuredmedia":[{"embeddable":true,"href":"https:\/\/sertv.gob.pa\/crisolfm\/wp-json\/wp\/v2\/media\/5665"}],"wp:attachment":[{"href":"https:\/\/sertv.gob.pa\/crisolfm\/wp-json\/wp\/v2\/media?parent=5664"}],"wp:term":[{"taxonomy":"category","embeddable":true,"href":"https:\/\/sertv.gob.pa\/crisolfm\/wp-json\/wp\/v2\/categories?post=5664"},{"taxonomy":"post_tag","embeddable":true,"href":"https:\/\/sertv.gob.pa\/crisolfm\/wp-json\/wp\/v2\/tags?post=5664"}],"curies":[{"name":"wp","href":"https:\/\/api.w.org\/{rel}","templated":true}]}}