{"id":5676,"date":"2016-07-04T16:33:51","date_gmt":"2016-07-04T16:33:51","guid":{"rendered":""},"modified":"2016-07-04T16:33:51","modified_gmt":"2016-07-04T16:33:51","slug":"muere-ultimo-oso-polar-en-cautiverio-en-argentina","status":"publish","type":"post","link":"https:\/\/sertv.gob.pa\/crisolfm\/muere-ultimo-oso-polar-en-cautiverio-en-argentina\/","title":{"rendered":"Muere \u00faltimo oso polar en cautiverio en Argentina"},"content":{"rendered":"<p>\nolar en cautiverio en Argentina <\/p>\n<p>\u00a0 <\/p>\n<p> Arturo, un oso polar de 31 a\u00f1os, \u00a0el \u00faltimo que se hallaba en cautiverio en Argentina, muri\u00f3 este domingo 3 de julio \u00a0en el zool\u00f3gico de Mendoza \u00a0(oeste), paseo cerrado al p\u00fablico tras la muerte de decenas de animales. <\/p>\n<p>El oso, por cuya liberaci\u00f3n la organizaci\u00f3n Greenpeace hab\u00eda reunido miles de adhesiones en 2014, hab\u00eda sido tra\u00eddo desde Estados Unidos 23 a\u00f1os atr\u00e1s. <\/p>\n<p>&ldquo;Arturo fue un caso testigo. Esperamos que sea el \u00faltimo oso polar retenido en un zool\u00f3gico de nuestro pa\u00eds y que su caso obligue a las autoridades a rever la situaci\u00f3n de las dem\u00e1s especies ex\u00f3ticas que sobreviven en su misma situaci\u00f3n&rdquo;, dijo Soledad Sede portavoz de Greenpeace en un comunicado. <\/p>\n<p>El zool\u00f3gico de Mendoza, que cuenta con 2 mil ejemplares en 48 hect\u00e1reas, fue cerrado al p\u00fablico a mediados de junio tras la muerte de unos 64 animales entre diciembre pasado y mayo de este a\u00f1o. <\/p>\n<p>Investigaciones determinaron que la presencia de bacterias combinada con las condiciones de hacinamiento de muchos ejemplares se cuentan entre las causales de muerte. <\/p>\n<p>El zool\u00f3gico inform\u00f3 que Arturo, que por su edad presentaba un cuadro terminal, &ldquo;falleci\u00f3 por un desbalance hemodin\u00e1mico lo que desencaden\u00f3 una descompensaci\u00f3n multisist\u00e9mica&rdquo;. <\/p>\n<p>En 2012 una campa\u00f1a de organizaciones defensoras de animales bregaron por su traslado a un zool\u00f3gico de Canad\u00e1 y lo catalogaron como &ldquo;el oso m\u00e1s triste del mundo&rdquo; cuando Arturo cay\u00f3 en un estado depresivo por la muerte de su compa\u00f1era, una osa tra\u00edda desde Alemania. <\/p>\n<p>Sin embargo una junta de veterinarios determin\u00f3 que el animal no estaba en condiciones de resistir un traslado. <\/p>\n<p>&ldquo;Pas\u00f3 sus \u00faltimos tiempos en la regi\u00f3n de Cuyo donde su existencia no realiz\u00f3 ning\u00fan aporte a la conservaci\u00f3n de esta especie en v\u00edas de extinci\u00f3n&rdquo;, destac\u00f3 Greenpeace que pide la reconversi\u00f3n del zool\u00f3gico en un ecoparque. <\/p>\n","protected":false},"excerpt":{"rendered":"<p>olar en cautiverio en Argentina \u00a0 Arturo, un oso polar <a href=\"https:\/\/sertv.gob.pa\/crisolfm\/muere-ultimo-oso-polar-en-cautiverio-en-argentina\/\"> [&#8230;]<\/a><\/p>\n","protected":false},"author":1,"featured_media":5677,"comment_status":"closed","ping_status":"closed","sticky":false,"template":"","format":"standard","meta":{"footnotes":""},"categories":[7],"tags":[],"class_list":["post-5676","post","type-post","status-publish","format-standard","has-post-thumbnail","hentry","category-ecologicas"],"_links":{"self":[{"href":"https:\/\/sertv.gob.pa\/crisolfm\/wp-json\/wp\/v2\/posts\/5676","targetHints":{"allow":["GET"]}}],"collection":[{"href":"https:\/\/sertv.gob.pa\/crisolfm\/wp-json\/wp\/v2\/posts"}],"about":[{"href":"https:\/\/sertv.gob.pa\/crisolfm\/wp-json\/wp\/v2\/types\/post"}],"author":[{"embeddable":true,"href":"https:\/\/sertv.gob.pa\/crisolfm\/wp-json\/wp\/v2\/users\/1"}],"replies":[{"embeddable":true,"href":"https:\/\/sertv.gob.pa\/crisolfm\/wp-json\/wp\/v2\/comments?post=5676"}],"version-history":[{"count":0,"href":"https:\/\/sertv.gob.pa\/crisolfm\/wp-json\/wp\/v2\/posts\/5676\/revisions"}],"wp:featuredmedia":[{"embeddable":true,"href":"https:\/\/sertv.gob.pa\/crisolfm\/wp-json\/wp\/v2\/media\/5677"}],"wp:attachment":[{"href":"https:\/\/sertv.gob.pa\/crisolfm\/wp-json\/wp\/v2\/media?parent=5676"}],"wp:term":[{"taxonomy":"category","embeddable":true,"href":"https:\/\/sertv.gob.pa\/crisolfm\/wp-json\/wp\/v2\/categories?post=5676"},{"taxonomy":"post_tag","embeddable":true,"href":"https:\/\/sertv.gob.pa\/crisolfm\/wp-json\/wp\/v2\/tags?post=5676"}],"curies":[{"name":"wp","href":"https:\/\/api.w.org\/{rel}","templated":true}]}}