{"id":5678,"date":"2016-07-04T17:06:53","date_gmt":"2016-07-04T17:06:53","guid":{"rendered":""},"modified":"2016-07-04T17:06:53","modified_gmt":"2016-07-04T17:06:53","slug":"biomuseo-sera-sede-para-charlas-de-biodiversidad-marina","status":"publish","type":"post","link":"https:\/\/sertv.gob.pa\/crisolfm\/biomuseo-sera-sede-para-charlas-de-biodiversidad-marina\/","title":{"rendered":"\u201cBiomuseo\u201d, ser\u00e1 sede para charlas de biodiversidad marina"},"content":{"rendered":"<p>\nEn este mes de julio, se llevar\u00e1n a la pr\u00e1ctica, una serie de charlas en donde el mar y su biodiversidad ser\u00e1n los protagonistas, y que tendr\u00e1n como sede el  &ldquo;Biomuseo&rdquo;.  <\/p>\n<p>Se trata de la actividad, la cual ha sido denominada &ldquo; Mes de la vida  marina&rdquo;, que presentar\u00e1 cinco charlas de entrada libre, que dieron inicio a partir del s\u00e1bado, 2 de julio, y  culminar\u00e1n el s\u00e1bado, 30 de julio del   presente a\u00f1o,  en el recinto dise\u00f1ado por el arquitecto\u00a0 Frank Gehry .  Todas empezar\u00e1n a las 3:00 p.m.  <\/p>\n<p>&ldquo;Los arrecifes coralinos del Caribe&rdquo;, a cargo del\u00a0 Instituto Simthsonian de Investigaciones Tropicales , fue la primera exposici\u00f3n y se desarroll\u00f3 el pasado 2 de julio.  El resto del programa se efectuar\u00e1 los siguientes s\u00e1bados del mes.  <\/p>\n<p> De esta manera, las charlas se desarrollar\u00e1n as\u00ed:  <\/p>\n<p>El 9 de julio:  &ldquo;Ciclo de vida del pargo paname\u00f1o&rdquo;,  con el especialista \u00c1ngel Reyna. <\/p>\n<p>El 16 de julio: ser\u00e1 el turno de  &ldquo;Tortugas marinas de Panam\u00e1 y su   conservaci\u00f3n&rdquo; , con\u00a0 Tortugu\u00edas . <\/p>\n<p>El 23 de julio: el tema a abordar ser\u00e1  &ldquo;Ballenas de Panam\u00e1&rdquo;,  con la\u00a0 Fundaci\u00f3n Albatros . <\/p>\n<p>El cierre ser\u00e1 el 30 de julio: con Mir Rodr\u00edguez, de  Almanaque Azul , y la charla  &ldquo;Conservaci\u00f3n de los recursos oce\u00e1nicos&rdquo;.  <\/p>\n<p>\u00a0 <\/p>\n","protected":false},"excerpt":{"rendered":"<p>En este mes de julio, se llevar\u00e1n a la pr\u00e1ctica, <a href=\"https:\/\/sertv.gob.pa\/crisolfm\/biomuseo-sera-sede-para-charlas-de-biodiversidad-marina\/\"> [&#8230;]<\/a><\/p>\n","protected":false},"author":1,"featured_media":5679,"comment_status":"closed","ping_status":"closed","sticky":false,"template":"","format":"standard","meta":{"footnotes":""},"categories":[7],"tags":[],"class_list":["post-5678","post","type-post","status-publish","format-standard","has-post-thumbnail","hentry","category-ecologicas"],"_links":{"self":[{"href":"https:\/\/sertv.gob.pa\/crisolfm\/wp-json\/wp\/v2\/posts\/5678","targetHints":{"allow":["GET"]}}],"collection":[{"href":"https:\/\/sertv.gob.pa\/crisolfm\/wp-json\/wp\/v2\/posts"}],"about":[{"href":"https:\/\/sertv.gob.pa\/crisolfm\/wp-json\/wp\/v2\/types\/post"}],"author":[{"embeddable":true,"href":"https:\/\/sertv.gob.pa\/crisolfm\/wp-json\/wp\/v2\/users\/1"}],"replies":[{"embeddable":true,"href":"https:\/\/sertv.gob.pa\/crisolfm\/wp-json\/wp\/v2\/comments?post=5678"}],"version-history":[{"count":0,"href":"https:\/\/sertv.gob.pa\/crisolfm\/wp-json\/wp\/v2\/posts\/5678\/revisions"}],"wp:featuredmedia":[{"embeddable":true,"href":"https:\/\/sertv.gob.pa\/crisolfm\/wp-json\/wp\/v2\/media\/5679"}],"wp:attachment":[{"href":"https:\/\/sertv.gob.pa\/crisolfm\/wp-json\/wp\/v2\/media?parent=5678"}],"wp:term":[{"taxonomy":"category","embeddable":true,"href":"https:\/\/sertv.gob.pa\/crisolfm\/wp-json\/wp\/v2\/categories?post=5678"},{"taxonomy":"post_tag","embeddable":true,"href":"https:\/\/sertv.gob.pa\/crisolfm\/wp-json\/wp\/v2\/tags?post=5678"}],"curies":[{"name":"wp","href":"https:\/\/api.w.org\/{rel}","templated":true}]}}