{"id":5682,"date":"2016-07-05T13:44:54","date_gmt":"2016-07-05T13:44:54","guid":{"rendered":""},"modified":"2016-07-05T13:44:54","modified_gmt":"2016-07-05T13:44:54","slug":"alianza-por-el-millon-suma-mas-adherentes","status":"publish","type":"post","link":"https:\/\/sertv.gob.pa\/crisolfm\/alianza-por-el-millon-suma-mas-adherentes\/","title":{"rendered":"\u201cAlianza por el Mill\u00f3n\u201d suma m\u00e1s adherentes"},"content":{"rendered":"<p>\n Representantes del Ministerio de Ambiente (MIAMBIENTE), regional de Veraguas\u00a0 junto al Ministerio de Desarrollo Agropecuario (MIDA), siguen en las coordinaciones y avances de la Alianza por el Mill\u00f3n de Hect\u00e1reas, cuya meta para este 2016 es producir junto a los gestores de la iniciativa, m\u00e1s de dos millones de plantones.  <\/p>\n<p> Para este objetivo, se llev\u00f3 a la pr\u00e1ctica, una jornada de reforestaci\u00f3n en la comunidad del Papayo en el distrito de Montijo, \u00e1rea aleda\u00f1a a la cuenca de r\u00edo San Pedro, como una iniciativa de impulsar la reforestaci\u00f3n con productores ganaderos de la regi\u00f3n y de esta forma, contribuye al programa de la Alianza por el\u00a0 Mill\u00f3n.  <\/p>\n<p> En \u00e9sta ocasi\u00f3n, se reforest\u00f3 una hect\u00e1rea con especies como Caoba Nacional, Guayac\u00e1n, Cedro Amargo, Guachapali, Roble, Corot\u00fa, Espav\u00e9,\u00a0 entre otros.  <\/p>\n<p>Referente al tema, Alberto Melamed, productor ganadero, declar\u00f3 que cada d\u00eda el fen\u00f3meno del ni\u00f1o es m\u00e1s fuerte, por tal raz\u00f3n tom\u00f3 la iniciativa de reforestar pensando en el futuro y espera que la poblaci\u00f3n\u00a0 tome conciencia\u00a0 y hagan lo que se tiene que hacer que es reforestar para el beneficio del Planeta. <\/p>\n<p>&ldquo;Por ahora vamos a reforestar una hect\u00e1rea, pero tenemos en mente reforestar en otra finca y todas las orillas de quebradas, el cual iniciaremos como un plan piloto para reforestar\u00a0 este a\u00f1o. En total seria alrededor de 4 hect\u00e1reas\u00a0 y luego vamos sumando m\u00e1s\u00a0 el pr\u00f3ximo a\u00f1o,\u00a0 poco a poco,\u00a0 haciendo un bosque natural para el corregimiento&rdquo;, manifest\u00f3 el productor. <\/p>\n<p>&ldquo;Hagamos conciencia y reforestemos para obtener un mejor ma\u00f1ana, ya que se necesita de urgencia reforestar\u00a0 m\u00e1s que todas las cuencas hidrogr\u00e1ficas de nuestro pa\u00eds&rdquo;, concluy\u00f3 el Melamed. <\/p>\n<p>Por otra parte, Jorge N\u00fa\u00f1ez, de la agencia de MIAMBIENTE en Montijo, revel\u00f3 que la Cuenca del r\u00edo San Pedro, es una de las m\u00e1s afectadas por la deforestaci\u00f3n, por lo que los productores y moradores de las comunidades de la regi\u00f3n, est\u00e1n muy interesados en apoyar los proyectos de reforestaci\u00f3n, sobre todo con especies nativas. \u00a0\u00a0 <\/p>\n","protected":false},"excerpt":{"rendered":"<p>Representantes del Ministerio de Ambiente (MIAMBIENTE), regional de Veraguas\u00a0 junto <a href=\"https:\/\/sertv.gob.pa\/crisolfm\/alianza-por-el-millon-suma-mas-adherentes\/\"> [&#8230;]<\/a><\/p>\n","protected":false},"author":1,"featured_media":5683,"comment_status":"closed","ping_status":"closed","sticky":false,"template":"","format":"standard","meta":{"footnotes":""},"categories":[7],"tags":[],"class_list":["post-5682","post","type-post","status-publish","format-standard","has-post-thumbnail","hentry","category-ecologicas"],"_links":{"self":[{"href":"https:\/\/sertv.gob.pa\/crisolfm\/wp-json\/wp\/v2\/posts\/5682","targetHints":{"allow":["GET"]}}],"collection":[{"href":"https:\/\/sertv.gob.pa\/crisolfm\/wp-json\/wp\/v2\/posts"}],"about":[{"href":"https:\/\/sertv.gob.pa\/crisolfm\/wp-json\/wp\/v2\/types\/post"}],"author":[{"embeddable":true,"href":"https:\/\/sertv.gob.pa\/crisolfm\/wp-json\/wp\/v2\/users\/1"}],"replies":[{"embeddable":true,"href":"https:\/\/sertv.gob.pa\/crisolfm\/wp-json\/wp\/v2\/comments?post=5682"}],"version-history":[{"count":0,"href":"https:\/\/sertv.gob.pa\/crisolfm\/wp-json\/wp\/v2\/posts\/5682\/revisions"}],"wp:featuredmedia":[{"embeddable":true,"href":"https:\/\/sertv.gob.pa\/crisolfm\/wp-json\/wp\/v2\/media\/5683"}],"wp:attachment":[{"href":"https:\/\/sertv.gob.pa\/crisolfm\/wp-json\/wp\/v2\/media?parent=5682"}],"wp:term":[{"taxonomy":"category","embeddable":true,"href":"https:\/\/sertv.gob.pa\/crisolfm\/wp-json\/wp\/v2\/categories?post=5682"},{"taxonomy":"post_tag","embeddable":true,"href":"https:\/\/sertv.gob.pa\/crisolfm\/wp-json\/wp\/v2\/tags?post=5682"}],"curies":[{"name":"wp","href":"https:\/\/api.w.org\/{rel}","templated":true}]}}