{"id":5694,"date":"2016-07-07T15:32:03","date_gmt":"2016-07-07T15:32:03","guid":{"rendered":""},"modified":"2016-07-07T15:32:03","modified_gmt":"2016-07-07T15:32:03","slug":"ampyme-realiza-septimo-first-tuesday-emprende-verde","status":"publish","type":"post","link":"https:\/\/sertv.gob.pa\/crisolfm\/ampyme-realiza-septimo-first-tuesday-emprende-verde\/","title":{"rendered":"AMPYME realiza s\u00e9ptimo First Tuesday, \u201cEmprende Verde\u201d"},"content":{"rendered":"<p>\nCon el\u00a0 firme compromiso de llevar adelante estrategias que promuevan el esp\u00edritu emprendedor e innovador,\u00a0 la Autoridad de la Micro, Peque\u00f1a y Mediana Empresa (AMPYME) fue sede del s\u00e9ptimo  First Tuesday,  el cual se llev\u00f3 a cabo el martes 5 de julio de 2016.  <\/p>\n<p> El evento que en esta oportunidad llev\u00f3 como t\u00edtulo  &ldquo;   Emprende Verde&rdquo;,  empez\u00f3 con las palabras de bienvenida de Lourdes M. L\u00f3pez, Secretaria General de la AMPYME, qui\u00e9n motiv\u00f3 a los que acudieron a participar de estas iniciativas que contribuyen a mejorar\u00a0 la calidad de vida de los paname\u00f1os y al fortalecimiento del n\u00facleo ambiental, social y econ\u00f3mico. <\/p>\n<p>La s\u00e9ptima edici\u00f3n del  First Tuesday  cont\u00f3 con la participaci\u00f3n de Claudia Alvarado, Gerente de Sostenibilidad Nestl\u00e9, como expositora del tema  &ldquo;Emprende Verde&rdquo;, \u00a0 espacio que tiene como fin ofrecer\u00a0 conocimientos a los asistentes para encontrar oportunidades de negocio, dentro de\u00a0 la responsabilidad social como estrategia\u00a0 para el desarrollo de una mejor sociedad. <\/p>\n<p>&ldquo;Somos un pa\u00eds autosuficiente en donde hemos aprendido a manejar nuestros recursos y los invito a que como grandes emprendedores debemos tener el coraje para perseguir nuestros\u00a0 objetivos a\u00fan con la consciencia de que puedes no alcanzarlos&rdquo;, exterioriz\u00f3 Isabel M\u00e9ndez,\u00a0 Encargada \u00a0de Asuntos Comerciales y\u00a0 Proyectos Especiales , Embajada de Israel. <\/p>\n<p>El  First Tuesday,  es un espacio que brinda a los Emprendedores posicionar sus creaciones mediante la exposici\u00f3n de los objetivos y metodolog\u00edas de sus negocios,\u00a0 en este sentido,\u00a0 Julio Cornejo, de Forte Mueble,\u00a0 exhibi\u00f3 el proyecto que reside en la confecci\u00f3n de muebles y sillas con botellas pl\u00e1sticas,\u00a0\u00a0 para planteles\u00a0 educativos. <\/p>\n<p>Es importante se\u00f1alar que se entiende por emprendimiento verde toda aquella iniciativa empresarial que contribuya a; reducir las emisiones de gases de efecto invernadero, reducir el consumo de energ\u00eda, materias primas y agua mediante estrategias de eco-eficiencia, reutilizaci\u00f3n o reciclaje de residuos entre otras variantes que contribuyen a conservar y restablecer la biodiversidad y\u00a0 ecosistemas. <\/p>\n<p>Para este concurri\u00f3 m\u00e1s de un centenar de empresarios y emprendedores entre ellos, Erika Pinz\u00f3n Madrid, consultora y autora del libro&rdquo; Lo Mejor de Emprender&rdquo;, Demetrio D\u00edaz, Fundador &#038; Gerente Operativo at Advanced Biocontrollers, Fundador &#038;\u00a0 CEO , entre otros que aportaron con sus ideas en el Emprendimiento Verde. <\/p>\n","protected":false},"excerpt":{"rendered":"<p>Con el\u00a0 firme compromiso de llevar adelante estrategias que promuevan <a href=\"https:\/\/sertv.gob.pa\/crisolfm\/ampyme-realiza-septimo-first-tuesday-emprende-verde\/\"> [&#8230;]<\/a><\/p>\n","protected":false},"author":1,"featured_media":5695,"comment_status":"closed","ping_status":"closed","sticky":false,"template":"","format":"standard","meta":{"footnotes":""},"categories":[7],"tags":[],"class_list":["post-5694","post","type-post","status-publish","format-standard","has-post-thumbnail","hentry","category-ecologicas"],"_links":{"self":[{"href":"https:\/\/sertv.gob.pa\/crisolfm\/wp-json\/wp\/v2\/posts\/5694","targetHints":{"allow":["GET"]}}],"collection":[{"href":"https:\/\/sertv.gob.pa\/crisolfm\/wp-json\/wp\/v2\/posts"}],"about":[{"href":"https:\/\/sertv.gob.pa\/crisolfm\/wp-json\/wp\/v2\/types\/post"}],"author":[{"embeddable":true,"href":"https:\/\/sertv.gob.pa\/crisolfm\/wp-json\/wp\/v2\/users\/1"}],"replies":[{"embeddable":true,"href":"https:\/\/sertv.gob.pa\/crisolfm\/wp-json\/wp\/v2\/comments?post=5694"}],"version-history":[{"count":0,"href":"https:\/\/sertv.gob.pa\/crisolfm\/wp-json\/wp\/v2\/posts\/5694\/revisions"}],"wp:featuredmedia":[{"embeddable":true,"href":"https:\/\/sertv.gob.pa\/crisolfm\/wp-json\/wp\/v2\/media\/5695"}],"wp:attachment":[{"href":"https:\/\/sertv.gob.pa\/crisolfm\/wp-json\/wp\/v2\/media?parent=5694"}],"wp:term":[{"taxonomy":"category","embeddable":true,"href":"https:\/\/sertv.gob.pa\/crisolfm\/wp-json\/wp\/v2\/categories?post=5694"},{"taxonomy":"post_tag","embeddable":true,"href":"https:\/\/sertv.gob.pa\/crisolfm\/wp-json\/wp\/v2\/tags?post=5694"}],"curies":[{"name":"wp","href":"https:\/\/api.w.org\/{rel}","templated":true}]}}