{"id":57210,"date":"2022-11-17T20:39:40","date_gmt":"2022-11-17T20:39:40","guid":{"rendered":"https:\/\/sertv.gob.pa\/crisolfm\/?p=57210"},"modified":"2022-11-17T20:39:40","modified_gmt":"2022-11-17T20:39:40","slug":"panama-y-barbados-revisan-temas-de-interes-comun","status":"publish","type":"post","link":"https:\/\/sertv.gob.pa\/crisolfm\/panama-y-barbados-revisan-temas-de-interes-comun\/","title":{"rendered":"Panam\u00e1 y Barbados revisan temas de inter\u00e9s com\u00fan"},"content":{"rendered":"<p>Panam\u00e1 reitera su inter\u00e9s en mantener v\u00ednculos de cooperaci\u00f3n con el gobierno de Barbados.<\/p>\n<p>La canciller Janaina Tewaney Mencomo, recibi\u00f3 al embajador de Barbados, Ian Wendell Walcott, con quien revis\u00f3 temas de inter\u00e9s com\u00fan y se extendi\u00f3 la invitaci\u00f3n a la conferencia Our Ocean 2023.<\/p>\n<p>&nbsp;<\/p>\n<p>Fuente: MIRE<\/p>\n","protected":false},"excerpt":{"rendered":"<p>Panam\u00e1 reitera su inter\u00e9s en mantener v\u00ednculos de cooperaci\u00f3n con <a href=\"https:\/\/sertv.gob.pa\/crisolfm\/panama-y-barbados-revisan-temas-de-interes-comun\/\"> [&#8230;]<\/a><\/p>\n","protected":false},"author":9,"featured_media":57211,"comment_status":"closed","ping_status":"closed","sticky":false,"template":"","format":"standard","meta":{"footnotes":""},"categories":[9],"tags":[],"class_list":["post-57210","post","type-post","status-publish","format-standard","has-post-thumbnail","hentry","category-varios"],"_links":{"self":[{"href":"https:\/\/sertv.gob.pa\/crisolfm\/wp-json\/wp\/v2\/posts\/57210","targetHints":{"allow":["GET"]}}],"collection":[{"href":"https:\/\/sertv.gob.pa\/crisolfm\/wp-json\/wp\/v2\/posts"}],"about":[{"href":"https:\/\/sertv.gob.pa\/crisolfm\/wp-json\/wp\/v2\/types\/post"}],"author":[{"embeddable":true,"href":"https:\/\/sertv.gob.pa\/crisolfm\/wp-json\/wp\/v2\/users\/9"}],"replies":[{"embeddable":true,"href":"https:\/\/sertv.gob.pa\/crisolfm\/wp-json\/wp\/v2\/comments?post=57210"}],"version-history":[{"count":1,"href":"https:\/\/sertv.gob.pa\/crisolfm\/wp-json\/wp\/v2\/posts\/57210\/revisions"}],"predecessor-version":[{"id":57213,"href":"https:\/\/sertv.gob.pa\/crisolfm\/wp-json\/wp\/v2\/posts\/57210\/revisions\/57213"}],"wp:featuredmedia":[{"embeddable":true,"href":"https:\/\/sertv.gob.pa\/crisolfm\/wp-json\/wp\/v2\/media\/57211"}],"wp:attachment":[{"href":"https:\/\/sertv.gob.pa\/crisolfm\/wp-json\/wp\/v2\/media?parent=57210"}],"wp:term":[{"taxonomy":"category","embeddable":true,"href":"https:\/\/sertv.gob.pa\/crisolfm\/wp-json\/wp\/v2\/categories?post=57210"},{"taxonomy":"post_tag","embeddable":true,"href":"https:\/\/sertv.gob.pa\/crisolfm\/wp-json\/wp\/v2\/tags?post=57210"}],"curies":[{"name":"wp","href":"https:\/\/api.w.org\/{rel}","templated":true}]}}