{"id":57234,"date":"2023-01-30T20:53:14","date_gmt":"2023-01-30T20:53:14","guid":{"rendered":"https:\/\/sertv.gob.pa\/crisolfm\/?p=57234"},"modified":"2023-01-30T20:53:14","modified_gmt":"2023-01-30T20:53:14","slug":"policia-nacional-de-panama-se-reune-con-la-comunidad-china","status":"publish","type":"post","link":"https:\/\/sertv.gob.pa\/crisolfm\/policia-nacional-de-panama-se-reune-con-la-comunidad-china\/","title":{"rendered":"Polic\u00eda Nacional de Panam\u00e1, se re\u00fane con la Comunidad China"},"content":{"rendered":"<p>El Subdirector General de la Polic\u00eda Nacional, Sim\u00f3n Henr\u00edquez, en conjunto con los Jefes de las Zonas Policiales de la provincia de Panam\u00e1, se reunieron con empresarios de la Comunidad China, a fin de coordinar acciones en materia de seguridad preventiva.<\/p>\n<p>El Subdirector General de la Polic\u00eda Nacional, Sim\u00f3n Henriquez, indic\u00f3 que, esta reuni\u00f3n de coordinaci\u00f3n fue fruct\u00edfera, el objetivo es mantenerse cercano a los peque\u00f1os empresarios y emplear los diferentes Programas Preventivos para que la ciudadan\u00eda se sienta segura.<\/p>\n<p>El se\u00f1or Tony Jiang, miembro de la Comunidad China, agradeci\u00f3 a la Polic\u00eda Nacional por la reuni\u00f3n y de paso exhort\u00f3 a los comerciantes y due\u00f1os de tiendas a unirse al sistema de Alerta Temprana que ha dado resultados positivos.<\/p>\n<p>En el c\u00f3nclave de seguridad, la Subcomisionada Thelma Palma, Jefa del Servicio Policial de Integraci\u00f3n y Participaci\u00f3n Ciudadana, les solicit\u00f3 a los comerciantes, tomar todas las medidas de prevenci\u00f3n y seguridad en sus comercios para prevenir situaciones de riesgos y as\u00ed poder realizar sus actividades comerciales de forma segura.<\/p>\n<p>La Polic\u00eda Nacional con estas reuniones, \u00a0busca involucrar a todas la partes y llevar a cabo todos los Programas Preventivos para evitar hechos delictivos en los diferentes comercios.<\/p>\n<p>&nbsp;<\/p>\n<p>Fuente: PN<\/p>\n","protected":false},"excerpt":{"rendered":"<p>El Subdirector General de la Polic\u00eda Nacional, Sim\u00f3n Henr\u00edquez, en <a href=\"https:\/\/sertv.gob.pa\/crisolfm\/policia-nacional-de-panama-se-reune-con-la-comunidad-china\/\"> [&#8230;]<\/a><\/p>\n","protected":false},"author":9,"featured_media":57235,"comment_status":"closed","ping_status":"closed","sticky":false,"template":"","format":"standard","meta":{"footnotes":""},"categories":[9],"tags":[],"class_list":["post-57234","post","type-post","status-publish","format-standard","has-post-thumbnail","hentry","category-varios"],"_links":{"self":[{"href":"https:\/\/sertv.gob.pa\/crisolfm\/wp-json\/wp\/v2\/posts\/57234","targetHints":{"allow":["GET"]}}],"collection":[{"href":"https:\/\/sertv.gob.pa\/crisolfm\/wp-json\/wp\/v2\/posts"}],"about":[{"href":"https:\/\/sertv.gob.pa\/crisolfm\/wp-json\/wp\/v2\/types\/post"}],"author":[{"embeddable":true,"href":"https:\/\/sertv.gob.pa\/crisolfm\/wp-json\/wp\/v2\/users\/9"}],"replies":[{"embeddable":true,"href":"https:\/\/sertv.gob.pa\/crisolfm\/wp-json\/wp\/v2\/comments?post=57234"}],"version-history":[{"count":1,"href":"https:\/\/sertv.gob.pa\/crisolfm\/wp-json\/wp\/v2\/posts\/57234\/revisions"}],"predecessor-version":[{"id":57236,"href":"https:\/\/sertv.gob.pa\/crisolfm\/wp-json\/wp\/v2\/posts\/57234\/revisions\/57236"}],"wp:featuredmedia":[{"embeddable":true,"href":"https:\/\/sertv.gob.pa\/crisolfm\/wp-json\/wp\/v2\/media\/57235"}],"wp:attachment":[{"href":"https:\/\/sertv.gob.pa\/crisolfm\/wp-json\/wp\/v2\/media?parent=57234"}],"wp:term":[{"taxonomy":"category","embeddable":true,"href":"https:\/\/sertv.gob.pa\/crisolfm\/wp-json\/wp\/v2\/categories?post=57234"},{"taxonomy":"post_tag","embeddable":true,"href":"https:\/\/sertv.gob.pa\/crisolfm\/wp-json\/wp\/v2\/tags?post=57234"}],"curies":[{"name":"wp","href":"https:\/\/api.w.org\/{rel}","templated":true}]}}