{"id":5742,"date":"2016-07-19T13:21:30","date_gmt":"2016-07-19T13:21:30","guid":{"rendered":""},"modified":"2016-07-19T13:21:30","modified_gmt":"2016-07-19T13:21:30","slug":"autoridades-coordinan-dia-nacional-de-reforestacion","status":"publish","type":"post","link":"https:\/\/sertv.gob.pa\/crisolfm\/autoridades-coordinan-dia-nacional-de-reforestacion\/","title":{"rendered":"Autoridades coordinan \u201cD\u00eda Nacional de Reforestaci\u00f3n\u201d"},"content":{"rendered":"<p>\nRepresentantes de la Coordinaci\u00f3n de Unidad Ambiental, el Programa de Vivero Regional y la Coordinaci\u00f3n de Agr\u00edcola de la Regi\u00f3n 5 de Panam\u00e1 Oeste, del Ministerio de Desarrollo Agropecuario (MIDA), en uni\u00f3n con el Ministerio de Ambiente (MIAMBIENTE), de La Chorrera, llevaron a cabo en fecha reciente una reuni\u00f3n de coordinaci\u00f3n del &ldquo; D\u00eda Nacional de   Reforestaci\u00f3n&rdquo;.  <\/p>\n<p> Este significativo evento se efectuar\u00e1 el s\u00e1bado 27 de agosto del 2016, en la comunidad de Chic\u00e1, en el corregimiento de Campana, distrito de Capira. Las plantaciones que se tendr\u00e1n disponibles ser\u00e1n m\u00e1s de 2,200 unidades de pino y un terreno de 2 hect\u00e1reas.  <\/p>\n<p> Cabe destacar, que por segundo a\u00f1o consecutivo se realiza esta actividad, obteniendo que en esta regi\u00f3n se conserve la flora y fauna. El prop\u00f3sito es determinar la situaci\u00f3n existente del programa Alianza por el Mill\u00f3n de Hect\u00e1reas, adem\u00e1s de coordinar los detalles de este magno evento.  <\/p>\n","protected":false},"excerpt":{"rendered":"<p>Representantes de la Coordinaci\u00f3n de Unidad Ambiental, el Programa de <a href=\"https:\/\/sertv.gob.pa\/crisolfm\/autoridades-coordinan-dia-nacional-de-reforestacion\/\"> [&#8230;]<\/a><\/p>\n","protected":false},"author":1,"featured_media":5743,"comment_status":"closed","ping_status":"closed","sticky":false,"template":"","format":"standard","meta":{"footnotes":""},"categories":[7],"tags":[],"class_list":["post-5742","post","type-post","status-publish","format-standard","has-post-thumbnail","hentry","category-ecologicas"],"_links":{"self":[{"href":"https:\/\/sertv.gob.pa\/crisolfm\/wp-json\/wp\/v2\/posts\/5742","targetHints":{"allow":["GET"]}}],"collection":[{"href":"https:\/\/sertv.gob.pa\/crisolfm\/wp-json\/wp\/v2\/posts"}],"about":[{"href":"https:\/\/sertv.gob.pa\/crisolfm\/wp-json\/wp\/v2\/types\/post"}],"author":[{"embeddable":true,"href":"https:\/\/sertv.gob.pa\/crisolfm\/wp-json\/wp\/v2\/users\/1"}],"replies":[{"embeddable":true,"href":"https:\/\/sertv.gob.pa\/crisolfm\/wp-json\/wp\/v2\/comments?post=5742"}],"version-history":[{"count":0,"href":"https:\/\/sertv.gob.pa\/crisolfm\/wp-json\/wp\/v2\/posts\/5742\/revisions"}],"wp:featuredmedia":[{"embeddable":true,"href":"https:\/\/sertv.gob.pa\/crisolfm\/wp-json\/wp\/v2\/media\/5743"}],"wp:attachment":[{"href":"https:\/\/sertv.gob.pa\/crisolfm\/wp-json\/wp\/v2\/media?parent=5742"}],"wp:term":[{"taxonomy":"category","embeddable":true,"href":"https:\/\/sertv.gob.pa\/crisolfm\/wp-json\/wp\/v2\/categories?post=5742"},{"taxonomy":"post_tag","embeddable":true,"href":"https:\/\/sertv.gob.pa\/crisolfm\/wp-json\/wp\/v2\/tags?post=5742"}],"curies":[{"name":"wp","href":"https:\/\/api.w.org\/{rel}","templated":true}]}}