{"id":5762,"date":"2016-07-22T18:43:26","date_gmt":"2016-07-22T18:43:26","guid":{"rendered":""},"modified":"2016-07-22T18:43:26","modified_gmt":"2016-07-22T18:43:26","slug":"autoridades-promueven-taller-de-reciclaje-en-david-chiriqui","status":"publish","type":"post","link":"https:\/\/sertv.gob.pa\/crisolfm\/autoridades-promueven-taller-de-reciclaje-en-david-chiriqui\/","title":{"rendered":"Autoridades promueven \u201cTaller de Reciclaje\u201d, en David, Chiriqu\u00ed"},"content":{"rendered":"<p>\n El programa Redes Territoriales del Ministerio de Desarrollo Social (MIDES), en conjunto con el Ministerio de Ambiente en la provincia de Chiriqu\u00ed, desarrollan un Taller de Reciclaje de Llantas dirigido a beneficiarias de la Red Comunitaria de Santo Domingo de Guzm\u00e1n en el distrito de David.  <\/p>\n<p>Este curso es dictado por la promotora ambiental de Mi Ambiente, Elizabeth Caballero, quien se mostr\u00f3 feliz de brindar su conocimiento a las usuarias de la humilde comunidad davide\u00f1a. <\/p>\n<p>&ldquo;Con estos talleres buscamos que las personas aprendan a reciclar neum\u00e1ticos y con ello puedan aprender a hacer diversas\u00a0 manualidades que posteriormente le representen ingresos para su hogar&rdquo;, manifest\u00f3 la capacitadora. <\/p>\n<p>&ldquo;Estoy feliz de pertenecer al Programa Redes Territoriales del MIDES, porque siempre nos est\u00e1n trayendo capacitaciones, cursos, talleres; y tambi\u00e9n nos ense\u00f1an a hacer huertos comunitarios para que aprendamos a sembrar legumbres y vegetales. Ahora vamos a aprender a reciclar llantas y con ellos vamos a hacer\u00a0 diversas manualidades&rdquo;, indic\u00f3 la se\u00f1ora Quitzi Miranda. <\/p>\n<p> Cabe resaltar, que el Programa Redes Territoriales constituye una propuesta de desarrollo sostenible que se construye a partir de la integraci\u00f3n de los recursos del gobierno, sociedad civil y la empresa privada. Es un conjunto articulado y organizado de redes sociales para el mejoramiento del nivel de vida de comunidades pobres en un determinado espacio geogr\u00e1fico.  <\/p>\n<p>\u00a0 <\/p>\n<p>\u00a0 <\/p>\n<p>\u00a0 <\/p>\n","protected":false},"excerpt":{"rendered":"<p>El programa Redes Territoriales del Ministerio de Desarrollo Social (MIDES), <a href=\"https:\/\/sertv.gob.pa\/crisolfm\/autoridades-promueven-taller-de-reciclaje-en-david-chiriqui\/\"> [&#8230;]<\/a><\/p>\n","protected":false},"author":1,"featured_media":5763,"comment_status":"closed","ping_status":"closed","sticky":false,"template":"","format":"standard","meta":{"footnotes":""},"categories":[7],"tags":[],"class_list":["post-5762","post","type-post","status-publish","format-standard","has-post-thumbnail","hentry","category-ecologicas"],"_links":{"self":[{"href":"https:\/\/sertv.gob.pa\/crisolfm\/wp-json\/wp\/v2\/posts\/5762","targetHints":{"allow":["GET"]}}],"collection":[{"href":"https:\/\/sertv.gob.pa\/crisolfm\/wp-json\/wp\/v2\/posts"}],"about":[{"href":"https:\/\/sertv.gob.pa\/crisolfm\/wp-json\/wp\/v2\/types\/post"}],"author":[{"embeddable":true,"href":"https:\/\/sertv.gob.pa\/crisolfm\/wp-json\/wp\/v2\/users\/1"}],"replies":[{"embeddable":true,"href":"https:\/\/sertv.gob.pa\/crisolfm\/wp-json\/wp\/v2\/comments?post=5762"}],"version-history":[{"count":0,"href":"https:\/\/sertv.gob.pa\/crisolfm\/wp-json\/wp\/v2\/posts\/5762\/revisions"}],"wp:featuredmedia":[{"embeddable":true,"href":"https:\/\/sertv.gob.pa\/crisolfm\/wp-json\/wp\/v2\/media\/5763"}],"wp:attachment":[{"href":"https:\/\/sertv.gob.pa\/crisolfm\/wp-json\/wp\/v2\/media?parent=5762"}],"wp:term":[{"taxonomy":"category","embeddable":true,"href":"https:\/\/sertv.gob.pa\/crisolfm\/wp-json\/wp\/v2\/categories?post=5762"},{"taxonomy":"post_tag","embeddable":true,"href":"https:\/\/sertv.gob.pa\/crisolfm\/wp-json\/wp\/v2\/tags?post=5762"}],"curies":[{"name":"wp","href":"https:\/\/api.w.org\/{rel}","templated":true}]}}