{"id":5770,"date":"2016-07-28T19:09:58","date_gmt":"2016-07-28T19:09:58","guid":{"rendered":""},"modified":"2016-07-28T19:09:58","modified_gmt":"2016-07-28T19:09:58","slug":"parque-municipal-summit-exhibe-una-propuesta-educativa-tierra-de-jaguares","status":"publish","type":"post","link":"https:\/\/sertv.gob.pa\/crisolfm\/parque-municipal-summit-exhibe-una-propuesta-educativa-tierra-de-jaguares\/","title":{"rendered":"Parque Municipal Summit exhibe propuesta educativa \u201cTierra de Jaguares\u201d"},"content":{"rendered":"<p>\n En el Parque Municipal Summit, estar\u00e1 hasta el 6 de agosto del presente a\u00f1o, la exhibici\u00f3n Tierra de Jaguares, una propuesta de la Fundaci\u00f3n Natura y el Parque Municipal Summit para crear conciencia y educar sobre la conservaci\u00f3n de esta especie.\u00a0  <\/p>\n<p>Esta muestra exhibe varios paneles con fotograf\u00edas e informaci\u00f3n de su vida, sus h\u00e1bitos, las amenazas a las que les hacen frente. &ldquo;Muchas de estas fotos han sido captadas con c\u00e1maras trampas, utilizadas en varios proyectos de investigaci\u00f3n para obtener informaci\u00f3n cient\u00edfica sobre la distribuci\u00f3n y abundancia del jaguar&rdquo;, enfatiza Edgar Ara\u00faz, administrador del Parque. <\/p>\n<p>De igual manera, Rosa Monta\u00f1ez, directora ejecutiva de Fundaci\u00f3n Natura subray\u00f3, que el jaguar se encuentra clasificado como especie en peligro, que su importante conservaci\u00f3n conlleva una mejor \u00a0la educaci\u00f3n ambiental, especialmente en las comunidades cercanas a los bosques. <\/p>\n<p> Cabe resaltar, que el jaguar es el felino m\u00e1s grande de Am\u00e9rica y el tercero a nivel mundial despu\u00e9s del tigre y el le\u00f3n. Habita desde el norte de M\u00e9xico, incluyendo toda Centroam\u00e9rica y Sudam\u00e9rica, hasta el norte de Argentina.  <\/p>\n<p> El\u00a0jaguar o\u00a0yaguaret\u00e9\u00a0( Panthera onca ) es un\u00a0 carn\u00edvoro \u00a0 f\u00e9lido \u00a0de la subfamilia de los\u00a0 Panterinos \u00a0y\u00a0 g\u00e9nero \u00a0  Panthera  \u00a0y la \u00fanica de las cuatro\u00a0 especies \u00a0actuales de este g\u00e9nero que se encuentra en\u00a0 Am\u00e9rica .  <\/p>\n<p> Asimismo, es el mayor f\u00e9lido de Am\u00e9rica y el tercero del mundo, despu\u00e9s del\u00a0 tigre \u00a0( Panthera tigris ) y el\u00a0 le\u00f3n \u00a0( Panthera leo ). Su distribuci\u00f3n presente, se extiende desde el extremo sur de\u00a0 Estados Unidos \u00a0continuando por gran parte de\u00a0 Am\u00e9rica Central \u00a0y\u00a0 Sudam\u00e9rica \u00a0hasta el norte y noreste de  Argentina .  <\/p>\n","protected":false},"excerpt":{"rendered":"<p>En el Parque Municipal Summit, estar\u00e1 hasta el 6 de <a href=\"https:\/\/sertv.gob.pa\/crisolfm\/parque-municipal-summit-exhibe-una-propuesta-educativa-tierra-de-jaguares\/\"> [&#8230;]<\/a><\/p>\n","protected":false},"author":1,"featured_media":5771,"comment_status":"closed","ping_status":"closed","sticky":false,"template":"","format":"standard","meta":{"footnotes":""},"categories":[7],"tags":[],"class_list":["post-5770","post","type-post","status-publish","format-standard","has-post-thumbnail","hentry","category-ecologicas"],"_links":{"self":[{"href":"https:\/\/sertv.gob.pa\/crisolfm\/wp-json\/wp\/v2\/posts\/5770","targetHints":{"allow":["GET"]}}],"collection":[{"href":"https:\/\/sertv.gob.pa\/crisolfm\/wp-json\/wp\/v2\/posts"}],"about":[{"href":"https:\/\/sertv.gob.pa\/crisolfm\/wp-json\/wp\/v2\/types\/post"}],"author":[{"embeddable":true,"href":"https:\/\/sertv.gob.pa\/crisolfm\/wp-json\/wp\/v2\/users\/1"}],"replies":[{"embeddable":true,"href":"https:\/\/sertv.gob.pa\/crisolfm\/wp-json\/wp\/v2\/comments?post=5770"}],"version-history":[{"count":0,"href":"https:\/\/sertv.gob.pa\/crisolfm\/wp-json\/wp\/v2\/posts\/5770\/revisions"}],"wp:featuredmedia":[{"embeddable":true,"href":"https:\/\/sertv.gob.pa\/crisolfm\/wp-json\/wp\/v2\/media\/5771"}],"wp:attachment":[{"href":"https:\/\/sertv.gob.pa\/crisolfm\/wp-json\/wp\/v2\/media?parent=5770"}],"wp:term":[{"taxonomy":"category","embeddable":true,"href":"https:\/\/sertv.gob.pa\/crisolfm\/wp-json\/wp\/v2\/categories?post=5770"},{"taxonomy":"post_tag","embeddable":true,"href":"https:\/\/sertv.gob.pa\/crisolfm\/wp-json\/wp\/v2\/tags?post=5770"}],"curies":[{"name":"wp","href":"https:\/\/api.w.org\/{rel}","templated":true}]}}