{"id":5774,"date":"2016-07-29T15:25:56","date_gmt":"2016-07-29T15:25:56","guid":{"rendered":""},"modified":"2016-07-29T15:25:56","modified_gmt":"2016-07-29T15:25:56","slug":"existencia-de-nueva-especie-de-ballena-es-confirmada","status":"publish","type":"post","link":"https:\/\/sertv.gob.pa\/crisolfm\/existencia-de-nueva-especie-de-ballena-es-confirmada\/","title":{"rendered":"Existencia de nueva especie de ballena es confirmada"},"content":{"rendered":"<p>\nUn equipo internacional de cient\u00edficos ha confirmado la existencia de una nueva especie de ballena en el norte del Oc\u00e9ano Pac\u00edfico. <\/p>\n<p> La ballena de pico negro  crece hasta 7 metros (24 pies) de largo. Por un tiempo se crey\u00f3 que era un tipo de ballena de pico de Baird (tambi\u00e9n llamada zifio de Baird), pero pruebas gen\u00e9ticas han se\u00f1alado que el cet\u00e1ceo es una especie \u00fanica. <\/p>\n<p>Phillip Morin, investigador de biolog\u00eda molecular, y otros expertos efectuaron las pruebas a 178 especies de ballenas picudas que viven en la costa del Pac\u00edfico. <\/p>\n<p>La investigaci\u00f3n fue publicada esta semana en la revista especializada\u00a0 Marine Mammal Science.  <\/p>\n<p>Morin manifiesta que las ballenas de pico grandes son dif\u00edciles de estudiar porque tras zambullirse pueden durar hasta 90 minutos en el mar buscando calamares. <\/p>\n<p>A\u00f1adi\u00f3 que las ballenas pasan poco tiempo en la superficie, raras veces saltan y viajan en grupos peque\u00f1os. <\/p>\n<p>\u00a0 <\/p>\n","protected":false},"excerpt":{"rendered":"<p>Un equipo internacional de cient\u00edficos ha confirmado la existencia de <a href=\"https:\/\/sertv.gob.pa\/crisolfm\/existencia-de-nueva-especie-de-ballena-es-confirmada\/\"> [&#8230;]<\/a><\/p>\n","protected":false},"author":1,"featured_media":5775,"comment_status":"closed","ping_status":"closed","sticky":false,"template":"","format":"standard","meta":{"footnotes":""},"categories":[7],"tags":[],"class_list":["post-5774","post","type-post","status-publish","format-standard","has-post-thumbnail","hentry","category-ecologicas"],"_links":{"self":[{"href":"https:\/\/sertv.gob.pa\/crisolfm\/wp-json\/wp\/v2\/posts\/5774","targetHints":{"allow":["GET"]}}],"collection":[{"href":"https:\/\/sertv.gob.pa\/crisolfm\/wp-json\/wp\/v2\/posts"}],"about":[{"href":"https:\/\/sertv.gob.pa\/crisolfm\/wp-json\/wp\/v2\/types\/post"}],"author":[{"embeddable":true,"href":"https:\/\/sertv.gob.pa\/crisolfm\/wp-json\/wp\/v2\/users\/1"}],"replies":[{"embeddable":true,"href":"https:\/\/sertv.gob.pa\/crisolfm\/wp-json\/wp\/v2\/comments?post=5774"}],"version-history":[{"count":0,"href":"https:\/\/sertv.gob.pa\/crisolfm\/wp-json\/wp\/v2\/posts\/5774\/revisions"}],"wp:featuredmedia":[{"embeddable":true,"href":"https:\/\/sertv.gob.pa\/crisolfm\/wp-json\/wp\/v2\/media\/5775"}],"wp:attachment":[{"href":"https:\/\/sertv.gob.pa\/crisolfm\/wp-json\/wp\/v2\/media?parent=5774"}],"wp:term":[{"taxonomy":"category","embeddable":true,"href":"https:\/\/sertv.gob.pa\/crisolfm\/wp-json\/wp\/v2\/categories?post=5774"},{"taxonomy":"post_tag","embeddable":true,"href":"https:\/\/sertv.gob.pa\/crisolfm\/wp-json\/wp\/v2\/tags?post=5774"}],"curies":[{"name":"wp","href":"https:\/\/api.w.org\/{rel}","templated":true}]}}