{"id":5780,"date":"2016-07-29T16:29:46","date_gmt":"2016-07-29T16:29:46","guid":{"rendered":""},"modified":"2016-07-29T16:29:46","modified_gmt":"2016-07-29T16:29:46","slug":"a-la-alianza-del-millon-de-hectareas-se-suman-los-turistas","status":"publish","type":"post","link":"https:\/\/sertv.gob.pa\/crisolfm\/a-la-alianza-del-millon-de-hectareas-se-suman-los-turistas\/","title":{"rendered":"A la Alianza del mill\u00f3n de hect\u00e1reas se suman los turistas"},"content":{"rendered":"<p>\nEsta semana la Asociaci\u00f3n Nacional para la Conservaci\u00f3n de la Naturaleza (ANCON) instal\u00f3 una alcanc\u00eda en el Aeropuerto Internacional de Tocumen, con el prop\u00f3sito de recaudar fondos para la reforestaci\u00f3n de un mill\u00f3n de hect\u00e1reas en Panam\u00e1 por los pr\u00f3ximos 20 a\u00f1os que ejecuta el Gobierno Nacional. <\/p>\n<p>Seg\u00fan Anc\u00f3n, los pasajeros podr\u00e1n hallar esta alcanc\u00eda en la zona central del \u00e1rea de tr\u00e1nsito internacional, entre las puertas de embarque 22A y 23A. <\/p>\n<p>&lsquo;Con su donaci\u00f3n a la Alianza por el Mill\u00f3n, tanto locales como turistas contribuir\u00e1n a la recolecci\u00f3n de fondos destinados al trabajo de reforestaci\u00f3n de un mill\u00f3n de hect\u00e1reas en el pa\u00eds&#8217;, se\u00f1al\u00f3. <\/p>\n<p>Subray\u00f3 que la Alianza por el Mill\u00f3n desarrolla estas iniciativas como parte del primer programa de compensaci\u00f3n de huella de carbono para Panam\u00e1, mediante una alianza p\u00fablico&ndash;privada vigente por un periodo de 20 a\u00f1os. <\/p>\n<p>La Alianza por el Mill\u00f3n de Hect\u00e1reas Reforestadas, que tiene como principales gestores al Ministerio de Ambiente (MiAmbiente); al Ministerio de Desarrollo Agropecuario (MIDA), a la Asociaci\u00f3n Nacional para la Conservaci\u00f3n de la Naturaleza (ANCON), a la Asociaci\u00f3n Nacional de Reforestadores y Afines de Panam\u00e1 (ANARAP) y a la C\u00e1mara de Comercio, Industrias y Agricultura de Panam\u00e1 (CCIAP), fija una meta-pa\u00eds para reforestar durante un periodo de 20 a\u00f1os (2015-2035) un mill\u00f3n de hect\u00e1reas en Panam\u00e1. <\/p>\n<p>El pr\u00f3ximo 27 de agosto La Alianza del Mill\u00f3n efectuar\u00e1 su segunda siembra masiva. <\/p>\n<p>\u00a0 <\/p>\n","protected":false},"excerpt":{"rendered":"<p>Esta semana la Asociaci\u00f3n Nacional para la Conservaci\u00f3n de la <a href=\"https:\/\/sertv.gob.pa\/crisolfm\/a-la-alianza-del-millon-de-hectareas-se-suman-los-turistas\/\"> [&#8230;]<\/a><\/p>\n","protected":false},"author":1,"featured_media":5781,"comment_status":"closed","ping_status":"closed","sticky":false,"template":"","format":"standard","meta":{"footnotes":""},"categories":[7],"tags":[],"class_list":["post-5780","post","type-post","status-publish","format-standard","has-post-thumbnail","hentry","category-ecologicas"],"_links":{"self":[{"href":"https:\/\/sertv.gob.pa\/crisolfm\/wp-json\/wp\/v2\/posts\/5780","targetHints":{"allow":["GET"]}}],"collection":[{"href":"https:\/\/sertv.gob.pa\/crisolfm\/wp-json\/wp\/v2\/posts"}],"about":[{"href":"https:\/\/sertv.gob.pa\/crisolfm\/wp-json\/wp\/v2\/types\/post"}],"author":[{"embeddable":true,"href":"https:\/\/sertv.gob.pa\/crisolfm\/wp-json\/wp\/v2\/users\/1"}],"replies":[{"embeddable":true,"href":"https:\/\/sertv.gob.pa\/crisolfm\/wp-json\/wp\/v2\/comments?post=5780"}],"version-history":[{"count":0,"href":"https:\/\/sertv.gob.pa\/crisolfm\/wp-json\/wp\/v2\/posts\/5780\/revisions"}],"wp:featuredmedia":[{"embeddable":true,"href":"https:\/\/sertv.gob.pa\/crisolfm\/wp-json\/wp\/v2\/media\/5781"}],"wp:attachment":[{"href":"https:\/\/sertv.gob.pa\/crisolfm\/wp-json\/wp\/v2\/media?parent=5780"}],"wp:term":[{"taxonomy":"category","embeddable":true,"href":"https:\/\/sertv.gob.pa\/crisolfm\/wp-json\/wp\/v2\/categories?post=5780"},{"taxonomy":"post_tag","embeddable":true,"href":"https:\/\/sertv.gob.pa\/crisolfm\/wp-json\/wp\/v2\/tags?post=5780"}],"curies":[{"name":"wp","href":"https:\/\/api.w.org\/{rel}","templated":true}]}}