{"id":5790,"date":"2016-08-01T15:25:20","date_gmt":"2016-08-01T15:25:20","guid":{"rendered":""},"modified":"2016-08-01T15:25:20","modified_gmt":"2016-08-01T15:25:20","slug":"hong-kong-cancela-vuelos-y-cierre-de-escuelas-ante-llegada-de-tifon-nida","status":"publish","type":"post","link":"https:\/\/sertv.gob.pa\/crisolfm\/hong-kong-cancela-vuelos-y-cierre-de-escuelas-ante-llegada-de-tifon-nida\/","title":{"rendered":"Hong Kong cancela vuelos y cierre de escuelas ante llegada de tif\u00f3n Nida"},"content":{"rendered":"<p>\n Hong Kong  se preparaba este lunes 1 de agosto ante la llegada del  tif\u00f3n Nida , que recorr\u00eda la costa del sur de  China , con la cancelaci\u00f3n de m\u00e1s de cien vuelos y el cierre de las escuelas. <\/p>\n<p>Las autoridades esperaban alcanzar el nivel \u00abT8\u00bb de alerta por la tormenta -el tercero m\u00e1s alto- durante la noche mientras el tif\u00f3n se iba acercando a la ciudad, con vientos de 120 kil\u00f3metros por hora. <\/p>\n<p>La aerol\u00ednea  Cathay Pacific  y su subsidiaria  Dragonair  anularon todos sus vuelos, m\u00e1s de 100, con destino o procedencia en esta ciudad del sur de China durante 16 horas. <\/p>\n<p> Nida  ser\u00e1 la primera gran tormenta de la temporada en llegar a Hong Kong, a menudo afectada por ciclones tropicales durante el verano. Las autoridades hongkonesas cerraron las guarder\u00edas y los centros de educaci\u00f3n especial.\u00a0 <\/p>\n<p>El observatorio meteorol\u00f3gico de la ciudad advert\u00eda que \u00abhabr\u00e1 rachas de viento, fuertes lluvias y marejadas tras la puesta de sol\u00bb y que podr\u00edan producirse inundaciones en zonas bajas. <\/p>\n<p>\u00a0 <\/p>\n","protected":false},"excerpt":{"rendered":"<p>Hong Kong se preparaba este lunes 1 de agosto ante <a href=\"https:\/\/sertv.gob.pa\/crisolfm\/hong-kong-cancela-vuelos-y-cierre-de-escuelas-ante-llegada-de-tifon-nida\/\"> [&#8230;]<\/a><\/p>\n","protected":false},"author":1,"featured_media":5791,"comment_status":"closed","ping_status":"closed","sticky":false,"template":"","format":"standard","meta":{"footnotes":""},"categories":[7],"tags":[],"class_list":["post-5790","post","type-post","status-publish","format-standard","has-post-thumbnail","hentry","category-ecologicas"],"_links":{"self":[{"href":"https:\/\/sertv.gob.pa\/crisolfm\/wp-json\/wp\/v2\/posts\/5790","targetHints":{"allow":["GET"]}}],"collection":[{"href":"https:\/\/sertv.gob.pa\/crisolfm\/wp-json\/wp\/v2\/posts"}],"about":[{"href":"https:\/\/sertv.gob.pa\/crisolfm\/wp-json\/wp\/v2\/types\/post"}],"author":[{"embeddable":true,"href":"https:\/\/sertv.gob.pa\/crisolfm\/wp-json\/wp\/v2\/users\/1"}],"replies":[{"embeddable":true,"href":"https:\/\/sertv.gob.pa\/crisolfm\/wp-json\/wp\/v2\/comments?post=5790"}],"version-history":[{"count":0,"href":"https:\/\/sertv.gob.pa\/crisolfm\/wp-json\/wp\/v2\/posts\/5790\/revisions"}],"wp:featuredmedia":[{"embeddable":true,"href":"https:\/\/sertv.gob.pa\/crisolfm\/wp-json\/wp\/v2\/media\/5791"}],"wp:attachment":[{"href":"https:\/\/sertv.gob.pa\/crisolfm\/wp-json\/wp\/v2\/media?parent=5790"}],"wp:term":[{"taxonomy":"category","embeddable":true,"href":"https:\/\/sertv.gob.pa\/crisolfm\/wp-json\/wp\/v2\/categories?post=5790"},{"taxonomy":"post_tag","embeddable":true,"href":"https:\/\/sertv.gob.pa\/crisolfm\/wp-json\/wp\/v2\/tags?post=5790"}],"curies":[{"name":"wp","href":"https:\/\/api.w.org\/{rel}","templated":true}]}}