{"id":5812,"date":"2016-08-03T15:16:28","date_gmt":"2016-08-03T15:16:28","guid":{"rendered":""},"modified":"2016-08-03T15:16:28","modified_gmt":"2016-08-03T15:16:28","slug":"las-coordenadas-correctas-del-cerro-canajagua-se-estableceran","status":"publish","type":"post","link":"https:\/\/sertv.gob.pa\/crisolfm\/las-coordenadas-correctas-del-cerro-canajagua-se-estableceran\/","title":{"rendered":"Las coordenadas correctas del cerro Canajagua se establecer\u00e1n"},"content":{"rendered":"<p>\n El Ministerio de Ambiente  confirm\u00f3 que una comisi\u00f3n inspeccion\u00f3 la zona del  cerro Canajagua , jurisdicci\u00f3n de los  distritos de Guarar\u00e9 y Macaracas , con el fin de establecer las coordenadas de esta \u00e1rea protegida. <\/p>\n<p>\u00a0Bol\u00edvar Dom\u00ednguez, administrador del Ministerio de Ambiente en Los Santos, expres\u00f3 que el personal t\u00e9cnico de la Direcci\u00f3n Nacional de \u00c1reas Protegidas hizo un recorrido para fijar los nuevos puntos lim\u00edtrofes en ambos distritos. <\/p>\n<p>Igualmente participaron expertos bot\u00e1nicos, en biolog\u00eda y en sociolog\u00eda, que levantaron la informaci\u00f3n, conjuntamente con moradores de los corregimientos de Mogoll\u00f3n, Espino y El Macano. <\/p>\n<p>Recientemente, el  Concejo de Las Tablas  desisti\u00f3 de la tramitaci\u00f3n del  Acuerdo No. 49 , que derogaba el \u00e1rea protegida del cerro Canajagua, mientras que acord\u00f3 establecer una comisi\u00f3n con los distritos de Guarar\u00e9 y Macaracas para tratar el tema ambiental. <\/p>\n<p>Nelson Cede\u00f1o, vocero del Movimiento de Acci\u00f3n Sante\u00f1a, dijo que buscar\u00e1n en qu\u00e9 categor\u00eda se puede ubicar la regi\u00f3n donde nacen unos 10\u00a0r\u00edos. <\/p>\n<p>Enimia Rosa Ch\u00e1vez, moradora del sector del cerro Canajagua, manifest\u00f3 que esa \u00e1rea hay que protegerla ya que \u00a0ingresan tractores que afectan la flora. <\/p>\n<p>\u00a0 <\/p>\n","protected":false},"excerpt":{"rendered":"<p>El Ministerio de Ambiente confirm\u00f3 que una comisi\u00f3n inspeccion\u00f3 la <a href=\"https:\/\/sertv.gob.pa\/crisolfm\/las-coordenadas-correctas-del-cerro-canajagua-se-estableceran\/\"> [&#8230;]<\/a><\/p>\n","protected":false},"author":1,"featured_media":5813,"comment_status":"closed","ping_status":"closed","sticky":false,"template":"","format":"standard","meta":{"footnotes":""},"categories":[7],"tags":[],"class_list":["post-5812","post","type-post","status-publish","format-standard","has-post-thumbnail","hentry","category-ecologicas"],"_links":{"self":[{"href":"https:\/\/sertv.gob.pa\/crisolfm\/wp-json\/wp\/v2\/posts\/5812","targetHints":{"allow":["GET"]}}],"collection":[{"href":"https:\/\/sertv.gob.pa\/crisolfm\/wp-json\/wp\/v2\/posts"}],"about":[{"href":"https:\/\/sertv.gob.pa\/crisolfm\/wp-json\/wp\/v2\/types\/post"}],"author":[{"embeddable":true,"href":"https:\/\/sertv.gob.pa\/crisolfm\/wp-json\/wp\/v2\/users\/1"}],"replies":[{"embeddable":true,"href":"https:\/\/sertv.gob.pa\/crisolfm\/wp-json\/wp\/v2\/comments?post=5812"}],"version-history":[{"count":0,"href":"https:\/\/sertv.gob.pa\/crisolfm\/wp-json\/wp\/v2\/posts\/5812\/revisions"}],"wp:featuredmedia":[{"embeddable":true,"href":"https:\/\/sertv.gob.pa\/crisolfm\/wp-json\/wp\/v2\/media\/5813"}],"wp:attachment":[{"href":"https:\/\/sertv.gob.pa\/crisolfm\/wp-json\/wp\/v2\/media?parent=5812"}],"wp:term":[{"taxonomy":"category","embeddable":true,"href":"https:\/\/sertv.gob.pa\/crisolfm\/wp-json\/wp\/v2\/categories?post=5812"},{"taxonomy":"post_tag","embeddable":true,"href":"https:\/\/sertv.gob.pa\/crisolfm\/wp-json\/wp\/v2\/tags?post=5812"}],"curies":[{"name":"wp","href":"https:\/\/api.w.org\/{rel}","templated":true}]}}