{"id":5822,"date":"2016-08-03T16:14:23","date_gmt":"2016-08-03T16:14:23","guid":{"rendered":""},"modified":"2016-08-03T16:14:23","modified_gmt":"2016-08-03T16:14:23","slug":"este-4-y-5-de-agosto-panama-acoge-reunion-de-cambio-climatico","status":"publish","type":"post","link":"https:\/\/sertv.gob.pa\/crisolfm\/este-4-y-5-de-agosto-panama-acoge-reunion-de-cambio-climatico\/","title":{"rendered":"Este 4 y 5 de agosto Panam\u00e1 acoge reuni\u00f3n de cambio clim\u00e1tico"},"content":{"rendered":"<p>\nEste 4 y 5 de agosto \u00a0la Sede Permanente del Parlamento Latinoamericano y Caribe\u00f1o (Parlatino) en Panam\u00e1 acoger\u00e1 un encuentro parlamentario para mitigar el cambio clim\u00e1tico. <\/p>\n<p>Para este evento, se espera la participaci\u00f3n de expertos en la protecci\u00f3n del medio ambiente y el Programa de las Naciones Unidas para el Medio Ambiente (Pnuma) parlamentarios latinoamericanos. <\/p>\n<p>Se abordar\u00e1n temas como las mejores pr\u00e1cticas legislativas: medidas de atenuaci\u00f3n y adaptaci\u00f3n al cambio clim\u00e1tico; y la participaci\u00f3n ciudadana: elaboraci\u00f3n conjunta de estrategias y recursos de educaci\u00f3n ambiental con parlamentarios que presiden comisiones de medio ambiente en la regi\u00f3n y las perspectivas innovadora: acciones cient\u00edficas y pol\u00edticas reformadoras frente al cambio clim\u00e1tico. <\/p>\n<p>La senadora mexicana, Marcela Guerra, presidenta de PalAm\u00e9ricas; El\u00edas Castillo, secretario del Parlatino entre los participantes de la inauguraci\u00f3n del encuentro. <\/p>\n<p>\u00a0 <\/p>\n","protected":false},"excerpt":{"rendered":"<p>Este 4 y 5 de agosto \u00a0la Sede Permanente del <a href=\"https:\/\/sertv.gob.pa\/crisolfm\/este-4-y-5-de-agosto-panama-acoge-reunion-de-cambio-climatico\/\"> [&#8230;]<\/a><\/p>\n","protected":false},"author":1,"featured_media":5823,"comment_status":"closed","ping_status":"closed","sticky":false,"template":"","format":"standard","meta":{"footnotes":""},"categories":[7],"tags":[],"class_list":["post-5822","post","type-post","status-publish","format-standard","has-post-thumbnail","hentry","category-ecologicas"],"_links":{"self":[{"href":"https:\/\/sertv.gob.pa\/crisolfm\/wp-json\/wp\/v2\/posts\/5822","targetHints":{"allow":["GET"]}}],"collection":[{"href":"https:\/\/sertv.gob.pa\/crisolfm\/wp-json\/wp\/v2\/posts"}],"about":[{"href":"https:\/\/sertv.gob.pa\/crisolfm\/wp-json\/wp\/v2\/types\/post"}],"author":[{"embeddable":true,"href":"https:\/\/sertv.gob.pa\/crisolfm\/wp-json\/wp\/v2\/users\/1"}],"replies":[{"embeddable":true,"href":"https:\/\/sertv.gob.pa\/crisolfm\/wp-json\/wp\/v2\/comments?post=5822"}],"version-history":[{"count":0,"href":"https:\/\/sertv.gob.pa\/crisolfm\/wp-json\/wp\/v2\/posts\/5822\/revisions"}],"wp:featuredmedia":[{"embeddable":true,"href":"https:\/\/sertv.gob.pa\/crisolfm\/wp-json\/wp\/v2\/media\/5823"}],"wp:attachment":[{"href":"https:\/\/sertv.gob.pa\/crisolfm\/wp-json\/wp\/v2\/media?parent=5822"}],"wp:term":[{"taxonomy":"category","embeddable":true,"href":"https:\/\/sertv.gob.pa\/crisolfm\/wp-json\/wp\/v2\/categories?post=5822"},{"taxonomy":"post_tag","embeddable":true,"href":"https:\/\/sertv.gob.pa\/crisolfm\/wp-json\/wp\/v2\/tags?post=5822"}],"curies":[{"name":"wp","href":"https:\/\/api.w.org\/{rel}","templated":true}]}}