{"id":5824,"date":"2016-08-04T15:00:30","date_gmt":"2016-08-04T15:00:30","guid":{"rendered":""},"modified":"2016-08-04T15:00:30","modified_gmt":"2016-08-04T15:00:30","slug":"earl-pierde-fuerza-y-se-convierte-en-tormenta-tropical","status":"publish","type":"post","link":"https:\/\/sertv.gob.pa\/crisolfm\/earl-pierde-fuerza-y-se-convierte-en-tormenta-tropical\/","title":{"rendered":"\u2018Earl\u2019 pierde fuerza y se convierte en tormenta tropical"},"content":{"rendered":"<p>\n El hurac\u00e1n &ldquo;Earl&rdquo;  perdi\u00f3 potencia luego de tocar las  costas de Belice  este jueves 4 de agosto en horas de la madrugada y  se convirti\u00f3 en tormenta tropica l, inform\u00f3 el Centro Nacional de Huracanes de Estados Unidos. <\/p>\n<p>\u00a0A las 12:00 GMT, &ldquo;Earl&rdquo; \u00a0&ndash;que al mediod\u00eda del mi\u00e9rcoles hab\u00eda sido catalogado como hurac\u00e1n de categor\u00eda 1 (de un m\u00e1ximo de 5)&ndash; &ldquo;se debilita hacia una tormenta tropical en momentos en que profundiza su ingreso&rdquo; en el continente, inform\u00f3 el Centro Nacional de Huracanes de Estados Unidos, con sede en Miami. <\/p>\n<p>&ldquo;Earl&rdquo; se desplaza actualmente a 24 kil\u00f3metros por hora y deber\u00eda perder a\u00fan m\u00e1s velocidad en el correr del d\u00eda, mientras sopla a 105 kil\u00f3metros por hora (contra 120 kil\u00f3metros por hora en la tarde del mi\u00e9rcoles). <\/p>\n<p>El Centro Nacional de Huracanes prev\u00e9 asimismo que las zonas que la tormenta recorrer\u00e1 recibir\u00e1n entre 20 y 30 cent\u00edmetros de precipitaciones. &ldquo;Estas lluvias podr\u00edan producir repentinas crecidas y mortales aludes de lodo&rdquo;, advirti\u00f3. <\/p>\n<p>Seg\u00fan las previsiones, &ldquo;Earl&rdquo; deber\u00eda atravesar el norte de Guatemala y el sudeste de M\u00e9xico este jueves y acercarse a la bah\u00eda del estado mexicano de Campeche en la noche del viernes. En Belice aeropuertos y puertos fueron cerrados el mi\u00e9rcoles. <\/p>\n<p>\u00a0 <\/p>\n","protected":false},"excerpt":{"rendered":"<p>El hurac\u00e1n &ldquo;Earl&rdquo; perdi\u00f3 potencia luego de tocar las costas <a href=\"https:\/\/sertv.gob.pa\/crisolfm\/earl-pierde-fuerza-y-se-convierte-en-tormenta-tropical\/\"> [&#8230;]<\/a><\/p>\n","protected":false},"author":1,"featured_media":5825,"comment_status":"closed","ping_status":"closed","sticky":false,"template":"","format":"standard","meta":{"footnotes":""},"categories":[7],"tags":[],"class_list":["post-5824","post","type-post","status-publish","format-standard","has-post-thumbnail","hentry","category-ecologicas"],"_links":{"self":[{"href":"https:\/\/sertv.gob.pa\/crisolfm\/wp-json\/wp\/v2\/posts\/5824","targetHints":{"allow":["GET"]}}],"collection":[{"href":"https:\/\/sertv.gob.pa\/crisolfm\/wp-json\/wp\/v2\/posts"}],"about":[{"href":"https:\/\/sertv.gob.pa\/crisolfm\/wp-json\/wp\/v2\/types\/post"}],"author":[{"embeddable":true,"href":"https:\/\/sertv.gob.pa\/crisolfm\/wp-json\/wp\/v2\/users\/1"}],"replies":[{"embeddable":true,"href":"https:\/\/sertv.gob.pa\/crisolfm\/wp-json\/wp\/v2\/comments?post=5824"}],"version-history":[{"count":0,"href":"https:\/\/sertv.gob.pa\/crisolfm\/wp-json\/wp\/v2\/posts\/5824\/revisions"}],"wp:featuredmedia":[{"embeddable":true,"href":"https:\/\/sertv.gob.pa\/crisolfm\/wp-json\/wp\/v2\/media\/5825"}],"wp:attachment":[{"href":"https:\/\/sertv.gob.pa\/crisolfm\/wp-json\/wp\/v2\/media?parent=5824"}],"wp:term":[{"taxonomy":"category","embeddable":true,"href":"https:\/\/sertv.gob.pa\/crisolfm\/wp-json\/wp\/v2\/categories?post=5824"},{"taxonomy":"post_tag","embeddable":true,"href":"https:\/\/sertv.gob.pa\/crisolfm\/wp-json\/wp\/v2\/tags?post=5824"}],"curies":[{"name":"wp","href":"https:\/\/api.w.org\/{rel}","templated":true}]}}