{"id":5826,"date":"2016-08-04T15:30:53","date_gmt":"2016-08-04T15:30:53","guid":{"rendered":""},"modified":"2016-08-04T15:30:53","modified_gmt":"2016-08-04T15:30:53","slug":"en-canarias-incendio-forestal-deja-un-muerto","status":"publish","type":"post","link":"https:\/\/sertv.gob.pa\/crisolfm\/en-canarias-incendio-forestal-deja-un-muerto\/","title":{"rendered":"En Canarias incendio forestal deja un muerto"},"content":{"rendered":"<p>\n Un agente forestal falleci\u00f3  cuando luchaba contra un incendio  en la isla espa\u00f1ola de La Palma, archipi\u00e9lago de Canarias , por el que fue detenido un alem\u00e1n por presuntamente ocasionar las llamas al quemar papel higi\u00e9nico con el que se ase\u00f3, informaron este jueves 4 de agosto las autoridades. <\/p>\n<p>El funcionario medioambiental del Cabildo de la Palma, de 54 a\u00f1os, muri\u00f3 cuando participaba en las labores de extinci\u00f3n del fuego, confirm\u00f3 el jueves la asociaci\u00f3n espa\u00f1ola de trabajadores de las brigadas contra incendios forestales Atbrif en sus redes sociales. <\/p>\n<p>Unas 700 personas fueron evacuadas preventivamente de zonas aleda\u00f1as al incendio, que quemaba ya unas mil hect\u00e1reas en la monta\u00f1a del Jedey, se\u00f1al\u00f3 a la AFP una portavoz de los servicios de emergencia 112 de Canarias, archipi\u00e9lago situado frente a la costa noroeste de \u00c1frica. <\/p>\n<p>Casi 200 personas luchaban contra las llamas, que tambi\u00e9n eran combatidas con seis helic\u00f3pteros y un hidroavi\u00f3n, a\u00f1adi\u00f3 la portavoz. <\/p>\n<p>El supuesto causante de las llamas, un alem\u00e1n de 27 a\u00f1os cuyo nombre no ha sido divulgado, fue detenido la tarde del mi\u00e9rcoles cerca del sitio donde empez\u00f3 el incendio, indic\u00f3 un portavoz de la Guardia Civil en Canarias. <\/p>\n<p>El alem\u00e1n, acusado de incendio forestal por negligencia, ser\u00e1 puesto a disposici\u00f3n de las autoridades judiciales en las pr\u00f3ximas horas, agreg\u00f3 el cuerpo de seguridad. <\/p>\n<p>Las condiciones meteorol\u00f3gicas de altas temperaturas y fuertes vientos podr\u00edan complicar las labores contra el incendio forestal, seg\u00fan la portavoz de los servicios de emergencia. <\/p>\n<p>\u00a0 <\/p>\n","protected":false},"excerpt":{"rendered":"<p>Un agente forestal falleci\u00f3 cuando luchaba contra un incendio en <a href=\"https:\/\/sertv.gob.pa\/crisolfm\/en-canarias-incendio-forestal-deja-un-muerto\/\"> [&#8230;]<\/a><\/p>\n","protected":false},"author":1,"featured_media":5827,"comment_status":"closed","ping_status":"closed","sticky":false,"template":"","format":"standard","meta":{"footnotes":""},"categories":[7],"tags":[],"class_list":["post-5826","post","type-post","status-publish","format-standard","has-post-thumbnail","hentry","category-ecologicas"],"_links":{"self":[{"href":"https:\/\/sertv.gob.pa\/crisolfm\/wp-json\/wp\/v2\/posts\/5826","targetHints":{"allow":["GET"]}}],"collection":[{"href":"https:\/\/sertv.gob.pa\/crisolfm\/wp-json\/wp\/v2\/posts"}],"about":[{"href":"https:\/\/sertv.gob.pa\/crisolfm\/wp-json\/wp\/v2\/types\/post"}],"author":[{"embeddable":true,"href":"https:\/\/sertv.gob.pa\/crisolfm\/wp-json\/wp\/v2\/users\/1"}],"replies":[{"embeddable":true,"href":"https:\/\/sertv.gob.pa\/crisolfm\/wp-json\/wp\/v2\/comments?post=5826"}],"version-history":[{"count":0,"href":"https:\/\/sertv.gob.pa\/crisolfm\/wp-json\/wp\/v2\/posts\/5826\/revisions"}],"wp:featuredmedia":[{"embeddable":true,"href":"https:\/\/sertv.gob.pa\/crisolfm\/wp-json\/wp\/v2\/media\/5827"}],"wp:attachment":[{"href":"https:\/\/sertv.gob.pa\/crisolfm\/wp-json\/wp\/v2\/media?parent=5826"}],"wp:term":[{"taxonomy":"category","embeddable":true,"href":"https:\/\/sertv.gob.pa\/crisolfm\/wp-json\/wp\/v2\/categories?post=5826"},{"taxonomy":"post_tag","embeddable":true,"href":"https:\/\/sertv.gob.pa\/crisolfm\/wp-json\/wp\/v2\/tags?post=5826"}],"curies":[{"name":"wp","href":"https:\/\/api.w.org\/{rel}","templated":true}]}}