{"id":5834,"date":"2016-08-04T16:25:56","date_gmt":"2016-08-04T16:25:56","guid":{"rendered":""},"modified":"2016-08-04T16:25:56","modified_gmt":"2016-08-04T16:25:56","slug":"en-el-parque-summit-le-practican-la-eutanasia-a-un-jaguar","status":"publish","type":"post","link":"https:\/\/sertv.gob.pa\/crisolfm\/en-el-parque-summit-le-practican-la-eutanasia-a-un-jaguar\/","title":{"rendered":"En el Parque Summit le practican la eutanasia a un jaguar"},"content":{"rendered":"<p>\nVeterinarios del Parque Summit le practicaron la eutanasia a un jaguar de nombre &#8216;Colorado&#8217; para evitar que siguiera sufriendo. El animal ten\u00eda 16 a\u00f1os de estar en cautiverio, confirm\u00f3 el Municipio de Panam\u00e1. <\/p>\n<p>Para poder practicar la eutanasia, primero tuvieron que adormecer al animal, para luego aplicar una sustancia que le provoc\u00f3 un paro card\u00edaco, explic\u00f3 la veterinaria Diorene Smith. <\/p>\n<p>Seg\u00fan Smith, en los ex\u00e1menes que le efectuaron al animal, se pudo observar un tumor maligno de 12 pulgadas que se extend\u00eda desde la regi\u00f3n epig\u00e1strica hasta la regi\u00f3n hipog\u00e1strica. <\/p>\n<p>Igualmente ten\u00eda una moderada dilataci\u00f3n de la pelvis renal, p\u00e9rdida de la relaci\u00f3n corticomedular, alteraciones compatibles con hidronefrosis, posiblemente ocasionado por la comprensi\u00f3n de la masa tumoral. <\/p>\n<p>\u00a0 <\/p>\n","protected":false},"excerpt":{"rendered":"<p>Veterinarios del Parque Summit le practicaron la eutanasia a un <a href=\"https:\/\/sertv.gob.pa\/crisolfm\/en-el-parque-summit-le-practican-la-eutanasia-a-un-jaguar\/\"> [&#8230;]<\/a><\/p>\n","protected":false},"author":1,"featured_media":5835,"comment_status":"closed","ping_status":"closed","sticky":false,"template":"","format":"standard","meta":{"footnotes":""},"categories":[7],"tags":[],"class_list":["post-5834","post","type-post","status-publish","format-standard","has-post-thumbnail","hentry","category-ecologicas"],"_links":{"self":[{"href":"https:\/\/sertv.gob.pa\/crisolfm\/wp-json\/wp\/v2\/posts\/5834","targetHints":{"allow":["GET"]}}],"collection":[{"href":"https:\/\/sertv.gob.pa\/crisolfm\/wp-json\/wp\/v2\/posts"}],"about":[{"href":"https:\/\/sertv.gob.pa\/crisolfm\/wp-json\/wp\/v2\/types\/post"}],"author":[{"embeddable":true,"href":"https:\/\/sertv.gob.pa\/crisolfm\/wp-json\/wp\/v2\/users\/1"}],"replies":[{"embeddable":true,"href":"https:\/\/sertv.gob.pa\/crisolfm\/wp-json\/wp\/v2\/comments?post=5834"}],"version-history":[{"count":0,"href":"https:\/\/sertv.gob.pa\/crisolfm\/wp-json\/wp\/v2\/posts\/5834\/revisions"}],"wp:featuredmedia":[{"embeddable":true,"href":"https:\/\/sertv.gob.pa\/crisolfm\/wp-json\/wp\/v2\/media\/5835"}],"wp:attachment":[{"href":"https:\/\/sertv.gob.pa\/crisolfm\/wp-json\/wp\/v2\/media?parent=5834"}],"wp:term":[{"taxonomy":"category","embeddable":true,"href":"https:\/\/sertv.gob.pa\/crisolfm\/wp-json\/wp\/v2\/categories?post=5834"},{"taxonomy":"post_tag","embeddable":true,"href":"https:\/\/sertv.gob.pa\/crisolfm\/wp-json\/wp\/v2\/tags?post=5834"}],"curies":[{"name":"wp","href":"https:\/\/api.w.org\/{rel}","templated":true}]}}