{"id":5860,"date":"2016-08-08T18:36:10","date_gmt":"2016-08-08T18:36:10","guid":{"rendered":""},"modified":"2016-08-08T18:36:10","modified_gmt":"2016-08-08T18:36:10","slug":"cooperacion-para-mitigar-el-cambio-climatico-es-fortalecida","status":"publish","type":"post","link":"https:\/\/sertv.gob.pa\/crisolfm\/cooperacion-para-mitigar-el-cambio-climatico-es-fortalecida\/","title":{"rendered":"Cooperaci\u00f3n para mitigar el cambio clim\u00e1tico es fortalecida"},"content":{"rendered":"<p>\nLa cooperaci\u00f3n para mitigar los efectos del cambio clim\u00e1tico se fortaleci\u00f3 en la regi\u00f3n. <\/p>\n<p>Esto luego de que este viernes, en Panam\u00e1, &lsquo;los Parlamentarios de Am\u00e9rica Latina y el Caribe se comprometieron a establecer una Red de Cambio Clim\u00e1tico para intercambiar las buenas pr\u00e1cticas orientadas a atenuar los efectos medioambientales y socioecon\u00f3micos que ocasiona el fen\u00f3meno en los diferentes pa\u00edses. <\/p>\n<p>Aunque para la presidenta de ParlAmericas, la senadora mexicana Marcela Guerra, el proceso de adaptaci\u00f3n al cambio clim\u00e1tico &lsquo;no es f\u00e1cil&#8217;, por lo que inst\u00f3 a los parlamentarios a efectuar los esfuerzos para mitigar los impactos durante la apertura del Encuentro Parlamentario sobre Cambio Clim\u00e1tico que se celebr\u00f3 en Panam\u00e1. <\/p>\n<p>Al respecto, la ministra de Ambiente de Panam\u00e1, Mirei Endara, agreg\u00f3 que &lsquo;a pesar de que Am\u00e9rica Latina solo aporta el 9.9% de total de las emisiones de gases invernadero que afectan la atm\u00f3sfera, el aumento de los efectos del cambio clim\u00e1tico en la regi\u00f3n es inevitable &#8216;. <\/p>\n<p>Tanto Endara como Guerra recordaron los objetivos del Acuerdo de Par\u00eds firmado en diciembre del a\u00f1o pasado, se\u00f1alando que es &lsquo;vinculante&#8217;, y en \u00e9ste todos los pa\u00edses partes se comprometieron a disminuir las emisi\u00f3n de todas estas sustancias nocivas para el Planeta Tierra. <\/p>\n<p>Parar la deforestaci\u00f3n, regular el transporte dentro de las ciudades y lograr sistemas de energ\u00edas limpias y renovables son algunos de los principales desaf\u00edos que actualmente enfrenta Am\u00e9rica Latina, subray\u00f3 a inicios de esta semana el director del Programa de Naciones Unidas para el Medio Ambiente (PNUMA), Erik Solheim. <\/p>\n<p>Por esta raz\u00f3n, sostuvo Guerra &lsquo;el pacto por la naturaleza es impostergable. As\u00ed que tenemos que actuar de inmediato, porque de lo contrario el 25 % de las especies del mundo se extinguir\u00e1n&#8217;. <\/p>\n<p>Guerra, mencion\u00f3 que el Acuerdo de Par\u00eds, invita a las naciones del mundo a un &lsquo;combate frontal, no solo en el papel&#8217; sino con acciones concretas como la educaci\u00f3n y la participaci\u00f3n ciudadana responsable. <\/p>\n<p>\u00a0 <\/p>\n","protected":false},"excerpt":{"rendered":"<p>La cooperaci\u00f3n para mitigar los efectos del cambio clim\u00e1tico se <a href=\"https:\/\/sertv.gob.pa\/crisolfm\/cooperacion-para-mitigar-el-cambio-climatico-es-fortalecida\/\"> [&#8230;]<\/a><\/p>\n","protected":false},"author":1,"featured_media":5861,"comment_status":"closed","ping_status":"closed","sticky":false,"template":"","format":"standard","meta":{"footnotes":""},"categories":[7],"tags":[],"class_list":["post-5860","post","type-post","status-publish","format-standard","has-post-thumbnail","hentry","category-ecologicas"],"_links":{"self":[{"href":"https:\/\/sertv.gob.pa\/crisolfm\/wp-json\/wp\/v2\/posts\/5860","targetHints":{"allow":["GET"]}}],"collection":[{"href":"https:\/\/sertv.gob.pa\/crisolfm\/wp-json\/wp\/v2\/posts"}],"about":[{"href":"https:\/\/sertv.gob.pa\/crisolfm\/wp-json\/wp\/v2\/types\/post"}],"author":[{"embeddable":true,"href":"https:\/\/sertv.gob.pa\/crisolfm\/wp-json\/wp\/v2\/users\/1"}],"replies":[{"embeddable":true,"href":"https:\/\/sertv.gob.pa\/crisolfm\/wp-json\/wp\/v2\/comments?post=5860"}],"version-history":[{"count":0,"href":"https:\/\/sertv.gob.pa\/crisolfm\/wp-json\/wp\/v2\/posts\/5860\/revisions"}],"wp:featuredmedia":[{"embeddable":true,"href":"https:\/\/sertv.gob.pa\/crisolfm\/wp-json\/wp\/v2\/media\/5861"}],"wp:attachment":[{"href":"https:\/\/sertv.gob.pa\/crisolfm\/wp-json\/wp\/v2\/media?parent=5860"}],"wp:term":[{"taxonomy":"category","embeddable":true,"href":"https:\/\/sertv.gob.pa\/crisolfm\/wp-json\/wp\/v2\/categories?post=5860"},{"taxonomy":"post_tag","embeddable":true,"href":"https:\/\/sertv.gob.pa\/crisolfm\/wp-json\/wp\/v2\/tags?post=5860"}],"curies":[{"name":"wp","href":"https:\/\/api.w.org\/{rel}","templated":true}]}}