{"id":58611,"date":"2023-11-24T18:37:21","date_gmt":"2023-11-24T18:37:21","guid":{"rendered":"https:\/\/sertv.gob.pa\/crisolfm\/?p=58611"},"modified":"2023-11-24T18:37:21","modified_gmt":"2023-11-24T18:37:21","slug":"israel-y-hamas-empiezan-a-liberar-presos-y-rehenes-en-el-primer-dia-de-tregua","status":"publish","type":"post","link":"https:\/\/sertv.gob.pa\/crisolfm\/israel-y-hamas-empiezan-a-liberar-presos-y-rehenes-en-el-primer-dia-de-tregua\/","title":{"rendered":"Israel y Ham\u00e1s empiezan a liberar presos y rehenes en el primer d\u00eda de tregua"},"content":{"rendered":"<p><strong><em>Jerusal\u00e9n\/El Cairo, (EFE).-<\/em><\/strong> Israel ha excarcelado este viernes a los primeros 39 presos palestinos como parte del acuerdo alcanzado con el grupo islamista Ham\u00e1s, que poco antes hab\u00eda liberado a 13 rehenes israel\u00edes secuestrados el pasado 7 de octubre.<\/p>\n<p>Majed al Ansari, portavoz del Ministerio de Exteriores de Catar, pa\u00eds mediador en el acuerdo entre Ham\u00e1s e Israel, confirm\u00f3 \u201cla liberaci\u00f3n de 39 mujeres y ni\u00f1os detenidos en c\u00e1rceles israel\u00edes, manteniendo as\u00ed el compromiso del primer d\u00eda del acuerdo\u201d, a trav\u00e9s de su cuenta oficial de X (antes Twitter).<\/p>\n<p>&nbsp;<\/p>\n<p><strong>Los 13 rehenes israel\u00edes liberados por Ham\u00e1s ya est\u00e1n en Israel<\/strong><\/p>\n<p>Los trece rehenes israel\u00edes liberados por el grupo islamista Ham\u00e1s ya se encuentran en Israel, confirm\u00f3 el Ej\u00e9rcito israel\u00ed.<\/p>\n<p>\u201cLos rehenes liberados fueron sometidos a una revisi\u00f3n m\u00e9dica inicial en territorio israel\u00ed. Seguir\u00e1n acompa\u00f1ados por soldados de las Fuerzas de Defensa de Israel en su camino a los hospitales israel\u00edes, donde se reunir\u00e1n con sus familias\u201d, indic\u00f3 un portavoz militar.<\/p>\n<p>El Ej\u00e9rcito prometi\u00f3 que seguir\u00e1 trabajando junto con las agencias de seguridad israel\u00edes para que \u201ctodos los rehenes regresen a sus hogares\u201d.<\/p>\n<p>\u201cReiteramos la importancia de demostrar paciencia y sensibilidad durante este tiempo por respeto a los rehenes liberados y sus familias\u201d, insisti\u00f3 un portavoz militar.<\/p>\n","protected":false},"excerpt":{"rendered":"<p>Jerusal\u00e9n\/El Cairo, (EFE).- Israel ha excarcelado este viernes a los <a href=\"https:\/\/sertv.gob.pa\/crisolfm\/israel-y-hamas-empiezan-a-liberar-presos-y-rehenes-en-el-primer-dia-de-tregua\/\"> [&#8230;]<\/a><\/p>\n","protected":false},"author":9,"featured_media":58612,"comment_status":"closed","ping_status":"closed","sticky":false,"template":"","format":"standard","meta":{"footnotes":""},"categories":[13],"tags":[],"class_list":["post-58611","post","type-post","status-publish","format-standard","has-post-thumbnail","hentry","category-internacionales"],"_links":{"self":[{"href":"https:\/\/sertv.gob.pa\/crisolfm\/wp-json\/wp\/v2\/posts\/58611","targetHints":{"allow":["GET"]}}],"collection":[{"href":"https:\/\/sertv.gob.pa\/crisolfm\/wp-json\/wp\/v2\/posts"}],"about":[{"href":"https:\/\/sertv.gob.pa\/crisolfm\/wp-json\/wp\/v2\/types\/post"}],"author":[{"embeddable":true,"href":"https:\/\/sertv.gob.pa\/crisolfm\/wp-json\/wp\/v2\/users\/9"}],"replies":[{"embeddable":true,"href":"https:\/\/sertv.gob.pa\/crisolfm\/wp-json\/wp\/v2\/comments?post=58611"}],"version-history":[{"count":1,"href":"https:\/\/sertv.gob.pa\/crisolfm\/wp-json\/wp\/v2\/posts\/58611\/revisions"}],"predecessor-version":[{"id":58613,"href":"https:\/\/sertv.gob.pa\/crisolfm\/wp-json\/wp\/v2\/posts\/58611\/revisions\/58613"}],"wp:featuredmedia":[{"embeddable":true,"href":"https:\/\/sertv.gob.pa\/crisolfm\/wp-json\/wp\/v2\/media\/58612"}],"wp:attachment":[{"href":"https:\/\/sertv.gob.pa\/crisolfm\/wp-json\/wp\/v2\/media?parent=58611"}],"wp:term":[{"taxonomy":"category","embeddable":true,"href":"https:\/\/sertv.gob.pa\/crisolfm\/wp-json\/wp\/v2\/categories?post=58611"},{"taxonomy":"post_tag","embeddable":true,"href":"https:\/\/sertv.gob.pa\/crisolfm\/wp-json\/wp\/v2\/tags?post=58611"}],"curies":[{"name":"wp","href":"https:\/\/api.w.org\/{rel}","templated":true}]}}