{"id":5872,"date":"2016-08-09T16:41:23","date_gmt":"2016-08-09T16:41:23","guid":{"rendered":""},"modified":"2016-08-09T16:41:23","modified_gmt":"2016-08-09T16:41:23","slug":"en-la-provincia-de-los-santos-reforestan-reservorios","status":"publish","type":"post","link":"https:\/\/sertv.gob.pa\/crisolfm\/en-la-provincia-de-los-santos-reforestan-reservorios\/","title":{"rendered":"En la provincia de Los Santos reforestan reservorios"},"content":{"rendered":"<p>\nCon las especies de pino y cocobolo se empez\u00f3 la reforestaci\u00f3n de fincas ubicadas en la cordillera de Nuario, en la provincia de  Los Santos , una de las pocas zonas de la pen\u00ednsula de Azuero donde habitan especies en riesgo de extinci\u00f3n. \u00a0 <\/p>\n<p>As\u00ed lo se\u00f1ala un informe del Ministerio de Ambiente (Mi Ambiente) en Los Santos, donde se explica que el prop\u00f3sito de esta siembra es la conservaci\u00f3n de suelo y el enriquecimiento forestal de esta zona, que es refugio de venado, conejo pintao, monos, entre otras especies. \u00a0 <\/p>\n<p>Los reservorios y abrevaderos de unas 90 fincas ganaderas de la provincia de Los Santos figuran entre los primeros reforestados con el objetivo de retener, conservar y cosechar agua para el pr\u00f3ximo verano de 2017.\u00a0 <\/p>\n<p>La informaci\u00f3n fue corroborada por el director del Ministerio de Desarrollo Agropecuario (Mida) en Los Santos, Rodrigo Vega, quien a\u00f1adi\u00f3 que se han sembrado alrededor de estos sitios 2 mil 300 plantones de especies de mara\u00f1\u00f3n, guabo, guabito y cocobolo. \u00a0 <\/p>\n<p>Vega dijo que con esta reforestaci\u00f3n se busca motivar a las instituciones y productores a tomar conciencia sobre la importancia de cuidar el medio ambiente. \u00a0 <\/p>\n<p>\u00a0 <\/p>\n","protected":false},"excerpt":{"rendered":"<p>Con las especies de pino y cocobolo se empez\u00f3 la <a href=\"https:\/\/sertv.gob.pa\/crisolfm\/en-la-provincia-de-los-santos-reforestan-reservorios\/\"> [&#8230;]<\/a><\/p>\n","protected":false},"author":1,"featured_media":5873,"comment_status":"closed","ping_status":"closed","sticky":false,"template":"","format":"standard","meta":{"footnotes":""},"categories":[7],"tags":[],"class_list":["post-5872","post","type-post","status-publish","format-standard","has-post-thumbnail","hentry","category-ecologicas"],"_links":{"self":[{"href":"https:\/\/sertv.gob.pa\/crisolfm\/wp-json\/wp\/v2\/posts\/5872","targetHints":{"allow":["GET"]}}],"collection":[{"href":"https:\/\/sertv.gob.pa\/crisolfm\/wp-json\/wp\/v2\/posts"}],"about":[{"href":"https:\/\/sertv.gob.pa\/crisolfm\/wp-json\/wp\/v2\/types\/post"}],"author":[{"embeddable":true,"href":"https:\/\/sertv.gob.pa\/crisolfm\/wp-json\/wp\/v2\/users\/1"}],"replies":[{"embeddable":true,"href":"https:\/\/sertv.gob.pa\/crisolfm\/wp-json\/wp\/v2\/comments?post=5872"}],"version-history":[{"count":0,"href":"https:\/\/sertv.gob.pa\/crisolfm\/wp-json\/wp\/v2\/posts\/5872\/revisions"}],"wp:featuredmedia":[{"embeddable":true,"href":"https:\/\/sertv.gob.pa\/crisolfm\/wp-json\/wp\/v2\/media\/5873"}],"wp:attachment":[{"href":"https:\/\/sertv.gob.pa\/crisolfm\/wp-json\/wp\/v2\/media?parent=5872"}],"wp:term":[{"taxonomy":"category","embeddable":true,"href":"https:\/\/sertv.gob.pa\/crisolfm\/wp-json\/wp\/v2\/categories?post=5872"},{"taxonomy":"post_tag","embeddable":true,"href":"https:\/\/sertv.gob.pa\/crisolfm\/wp-json\/wp\/v2\/tags?post=5872"}],"curies":[{"name":"wp","href":"https:\/\/api.w.org\/{rel}","templated":true}]}}