{"id":5874,"date":"2016-08-09T18:39:14","date_gmt":"2016-08-09T18:39:14","guid":{"rendered":""},"modified":"2016-08-09T18:39:14","modified_gmt":"2016-08-09T18:39:14","slug":"sismo-de-magnitud-4-6-sacude-el-pacifico-de-panama","status":"publish","type":"post","link":"https:\/\/sertv.gob.pa\/crisolfm\/sismo-de-magnitud-4-6-sacude-el-pacifico-de-panama\/","title":{"rendered":"Sismo de magnitud 4,6 sacude el Pac\u00edfico de Panam\u00e1"},"content":{"rendered":"<p>\nUn sismo de magnitud 4,6 en la escala de Richter sacudi\u00f3 hoy el Pac\u00edfico de Panam\u00e1 sin ocasionar v\u00edctimas, ni da\u00f1os, se\u00f1al\u00f3 el Centro de Agua del Tr\u00f3pico H\u00famedo para Am\u00e9rica Latina y el Caribe (CATHALAC), con datos de la NASA. <\/p>\n<p>El movimiento se produjo a las 08:21 hora local (13:21 GMT) y fue localizado a 318,5 kil\u00f3metros al sur de Montijo (provincia central de Veraguas) con una profundidad de 4,34 kil\u00f3metros, indic\u00f3 el CATHALAC, con sede en Panam\u00e1. <\/p>\n<p>El sismo fue sentido en localidades como Son\u00e1, Tonos\u00ed, R\u00edo de Jes\u00fas y Las Minas. <\/p>\n<p>La misma fuente se\u00f1al\u00f3 que un temblor registrado a las 01:24 hora local (06:24 GMT) de magnitud 4,5 y epicentro en el sur de Costa Rica se sinti\u00f3 en las localidades fronterizas paname\u00f1as de Bar\u00fa, Renacimiento y Bugaba, y en las costarricenses de Corredores y Golfito <\/p>\n<p>\u00a0 <\/p>\n","protected":false},"excerpt":{"rendered":"<p>Un sismo de magnitud 4,6 en la escala de Richter <a href=\"https:\/\/sertv.gob.pa\/crisolfm\/sismo-de-magnitud-4-6-sacude-el-pacifico-de-panama\/\"> [&#8230;]<\/a><\/p>\n","protected":false},"author":1,"featured_media":5875,"comment_status":"closed","ping_status":"closed","sticky":false,"template":"","format":"standard","meta":{"footnotes":""},"categories":[7],"tags":[],"class_list":["post-5874","post","type-post","status-publish","format-standard","has-post-thumbnail","hentry","category-ecologicas"],"_links":{"self":[{"href":"https:\/\/sertv.gob.pa\/crisolfm\/wp-json\/wp\/v2\/posts\/5874","targetHints":{"allow":["GET"]}}],"collection":[{"href":"https:\/\/sertv.gob.pa\/crisolfm\/wp-json\/wp\/v2\/posts"}],"about":[{"href":"https:\/\/sertv.gob.pa\/crisolfm\/wp-json\/wp\/v2\/types\/post"}],"author":[{"embeddable":true,"href":"https:\/\/sertv.gob.pa\/crisolfm\/wp-json\/wp\/v2\/users\/1"}],"replies":[{"embeddable":true,"href":"https:\/\/sertv.gob.pa\/crisolfm\/wp-json\/wp\/v2\/comments?post=5874"}],"version-history":[{"count":0,"href":"https:\/\/sertv.gob.pa\/crisolfm\/wp-json\/wp\/v2\/posts\/5874\/revisions"}],"wp:featuredmedia":[{"embeddable":true,"href":"https:\/\/sertv.gob.pa\/crisolfm\/wp-json\/wp\/v2\/media\/5875"}],"wp:attachment":[{"href":"https:\/\/sertv.gob.pa\/crisolfm\/wp-json\/wp\/v2\/media?parent=5874"}],"wp:term":[{"taxonomy":"category","embeddable":true,"href":"https:\/\/sertv.gob.pa\/crisolfm\/wp-json\/wp\/v2\/categories?post=5874"},{"taxonomy":"post_tag","embeddable":true,"href":"https:\/\/sertv.gob.pa\/crisolfm\/wp-json\/wp\/v2\/tags?post=5874"}],"curies":[{"name":"wp","href":"https:\/\/api.w.org\/{rel}","templated":true}]}}