{"id":5878,"date":"2016-08-10T15:38:16","date_gmt":"2016-08-10T15:38:16","guid":{"rendered":""},"modified":"2016-08-10T15:38:16","modified_gmt":"2016-08-10T15:38:16","slug":"panama-pacifico-seleccionada-para-parques-industriales-sostenibles","status":"publish","type":"post","link":"https:\/\/sertv.gob.pa\/crisolfm\/panama-pacifico-seleccionada-para-parques-industriales-sostenibles\/","title":{"rendered":"Panam\u00e1 Pac\u00edfico seleccionada para parques industriales sostenibles"},"content":{"rendered":"<p>\n Panam\u00e1 Pac\u00edfico  fue seleccionada como el sitio donde se levantar\u00e1 el proyecto &ldquo;Desarrollo de Parques Industriales Sostenibles en Latinoam\u00e9rica&rdquo;, financiado por la Organizaci\u00f3n de Naciones Unidas para el Desarrollo Industrial (Onudi). <\/p>\n<p>La Onudi promueve el desarrollo industrial para reducir la pobreza, lograr una globalizaci\u00f3n inclusiva y la sostenibilidad ambiental de las actividades productivas. <\/p>\n<p>El prop\u00f3sito del programa cosiste en mejorar la  competitividad, productividad y el desempe\u00f1o econ\u00f3mico y ambiental  de los parques industriales de toda la regi\u00f3n, mediante estrategias que promuevan la sinergia e innovaci\u00f3n entre las empresas. <\/p>\n<p>Seg\u00fan la organizaci\u00f3n, la selecci\u00f3n del \u00e1rea &ldquo;se bas\u00f3 en que Panam\u00e1 Pac\u00edfico cuenta con las habilitaciones de infraestructuras correspondientes, opera legalmente y brinda las condiciones operativas para las empresas en el parque industrial&rdquo;. <\/p>\n<p>\u00a0 <\/p>\n","protected":false},"excerpt":{"rendered":"<p>Panam\u00e1 Pac\u00edfico fue seleccionada como el sitio donde se levantar\u00e1 <a href=\"https:\/\/sertv.gob.pa\/crisolfm\/panama-pacifico-seleccionada-para-parques-industriales-sostenibles\/\"> [&#8230;]<\/a><\/p>\n","protected":false},"author":1,"featured_media":5879,"comment_status":"closed","ping_status":"closed","sticky":false,"template":"","format":"standard","meta":{"footnotes":""},"categories":[7],"tags":[],"class_list":["post-5878","post","type-post","status-publish","format-standard","has-post-thumbnail","hentry","category-ecologicas"],"_links":{"self":[{"href":"https:\/\/sertv.gob.pa\/crisolfm\/wp-json\/wp\/v2\/posts\/5878","targetHints":{"allow":["GET"]}}],"collection":[{"href":"https:\/\/sertv.gob.pa\/crisolfm\/wp-json\/wp\/v2\/posts"}],"about":[{"href":"https:\/\/sertv.gob.pa\/crisolfm\/wp-json\/wp\/v2\/types\/post"}],"author":[{"embeddable":true,"href":"https:\/\/sertv.gob.pa\/crisolfm\/wp-json\/wp\/v2\/users\/1"}],"replies":[{"embeddable":true,"href":"https:\/\/sertv.gob.pa\/crisolfm\/wp-json\/wp\/v2\/comments?post=5878"}],"version-history":[{"count":0,"href":"https:\/\/sertv.gob.pa\/crisolfm\/wp-json\/wp\/v2\/posts\/5878\/revisions"}],"wp:featuredmedia":[{"embeddable":true,"href":"https:\/\/sertv.gob.pa\/crisolfm\/wp-json\/wp\/v2\/media\/5879"}],"wp:attachment":[{"href":"https:\/\/sertv.gob.pa\/crisolfm\/wp-json\/wp\/v2\/media?parent=5878"}],"wp:term":[{"taxonomy":"category","embeddable":true,"href":"https:\/\/sertv.gob.pa\/crisolfm\/wp-json\/wp\/v2\/categories?post=5878"},{"taxonomy":"post_tag","embeddable":true,"href":"https:\/\/sertv.gob.pa\/crisolfm\/wp-json\/wp\/v2\/tags?post=5878"}],"curies":[{"name":"wp","href":"https:\/\/api.w.org\/{rel}","templated":true}]}}