{"id":5886,"date":"2016-08-10T19:35:33","date_gmt":"2016-08-10T19:35:33","guid":{"rendered":""},"modified":"2016-08-10T19:35:33","modified_gmt":"2016-08-10T19:35:33","slug":"el-caracol-rosado-termometro-para-medir-el-cambio-climatico","status":"publish","type":"post","link":"https:\/\/sertv.gob.pa\/crisolfm\/el-caracol-rosado-termometro-para-medir-el-cambio-climatico\/","title":{"rendered":"El caracol rosado, term\u00f3metro para medir el cambio clim\u00e1tico"},"content":{"rendered":"<p>\nEn las profundidades oce\u00e1nicas del Pac\u00edfico y el Caribe y en los manglares de sus costas se esconde el caracol rosado (Strombus gigas), una especie de valor cultural que se remonta a la \u00e9poca prehisp\u00e1nica y que los cient\u00edficos han calificado como &lsquo;un term\u00f3metro para medir el cambio clim\u00e1tico&#8217; que se halla amenazada. <\/p>\n<p>Dalila Aldana, cient\u00edfica del Centro de Investigaci\u00f3n y Estudios Avanzados (Cinvestav), Unidad M\u00e9rida, revel\u00f3 que los corales y, m\u00e1s recientemente, los moluscos, espec\u00edficamente los de fase larvaria, son organismos indicadores del cambio clim\u00e1tico en el medio marino, por su estructura calc\u00e1rea, la cual est\u00e1 siendo modificada por la temperatura y la acidificaci\u00f3n del agua de los oc\u00e9anos. <\/p>\n<p>&lsquo;El Strombus gigas se ha convertido, en los \u00faltimos tres a\u00f1os, en un indicador para el cambio clim\u00e1tico en el Caribe&#8217;, sostuvo Aldana, quien ha dedicado dos d\u00e9cadas de sus estudios a la especie y esta semana se encuentra en Panam\u00e1 capacitando a bi\u00f3logos y t\u00e9cnicos de distintas instituciones del pa\u00eds sobre mecanismos de conservaci\u00f3n de la especie. <\/p>\n<p>&lsquo;En particular la fase larvaria del caracol Strombus, esa cosita microsc\u00f3pica que dura treinta d\u00edas y que anda en el agua, trae consigo una informaci\u00f3n de cambio clim\u00e1tico impresionante, porque todo el proceso de calcificaci\u00f3n va a estar modificado por la temperatura y por la acidificaci\u00f3n del agua. Ese es nuestro tema de investigaci\u00f3n de lujo&#8217;, describi\u00f3 la cient\u00edfica. <\/p>\n<p>\u00a0 <\/p>\n","protected":false},"excerpt":{"rendered":"<p>En las profundidades oce\u00e1nicas del Pac\u00edfico y el Caribe y <a href=\"https:\/\/sertv.gob.pa\/crisolfm\/el-caracol-rosado-termometro-para-medir-el-cambio-climatico\/\"> [&#8230;]<\/a><\/p>\n","protected":false},"author":1,"featured_media":5887,"comment_status":"closed","ping_status":"closed","sticky":false,"template":"","format":"standard","meta":{"footnotes":""},"categories":[7],"tags":[],"class_list":["post-5886","post","type-post","status-publish","format-standard","has-post-thumbnail","hentry","category-ecologicas"],"_links":{"self":[{"href":"https:\/\/sertv.gob.pa\/crisolfm\/wp-json\/wp\/v2\/posts\/5886","targetHints":{"allow":["GET"]}}],"collection":[{"href":"https:\/\/sertv.gob.pa\/crisolfm\/wp-json\/wp\/v2\/posts"}],"about":[{"href":"https:\/\/sertv.gob.pa\/crisolfm\/wp-json\/wp\/v2\/types\/post"}],"author":[{"embeddable":true,"href":"https:\/\/sertv.gob.pa\/crisolfm\/wp-json\/wp\/v2\/users\/1"}],"replies":[{"embeddable":true,"href":"https:\/\/sertv.gob.pa\/crisolfm\/wp-json\/wp\/v2\/comments?post=5886"}],"version-history":[{"count":0,"href":"https:\/\/sertv.gob.pa\/crisolfm\/wp-json\/wp\/v2\/posts\/5886\/revisions"}],"wp:featuredmedia":[{"embeddable":true,"href":"https:\/\/sertv.gob.pa\/crisolfm\/wp-json\/wp\/v2\/media\/5887"}],"wp:attachment":[{"href":"https:\/\/sertv.gob.pa\/crisolfm\/wp-json\/wp\/v2\/media?parent=5886"}],"wp:term":[{"taxonomy":"category","embeddable":true,"href":"https:\/\/sertv.gob.pa\/crisolfm\/wp-json\/wp\/v2\/categories?post=5886"},{"taxonomy":"post_tag","embeddable":true,"href":"https:\/\/sertv.gob.pa\/crisolfm\/wp-json\/wp\/v2\/tags?post=5886"}],"curies":[{"name":"wp","href":"https:\/\/api.w.org\/{rel}","templated":true}]}}