{"id":5896,"date":"2016-08-11T16:17:59","date_gmt":"2016-08-11T16:17:59","guid":{"rendered":""},"modified":"2016-08-11T16:17:59","modified_gmt":"2016-08-11T16:17:59","slug":"se-plantaran-80-mil-arboles-el-27-de-agosto-2016","status":"publish","type":"post","link":"https:\/\/sertv.gob.pa\/crisolfm\/se-plantaran-80-mil-arboles-el-27-de-agosto-2016\/","title":{"rendered":"Se plantar\u00e1n 80 mil \u00e1rboles el 27 de agosto -2016"},"content":{"rendered":"<p>\nEl s\u00e1bado 27 de agosto, se llevar\u00e1 a cabo el &ldquo;Segundo Gran D\u00eda Nacional de Reforestaci\u00f3n&rdquo; en m\u00e1s de 30 sitios en todas las provincias, con el fin de reforestar el mill\u00f3n de hect\u00e1reas en 20 a\u00f1os. <\/p>\n<p>La actividad comenzar\u00e1 a partir de las 8:00 am y seg\u00fan la ministra de Ambiente, Mirei Endara, esperan plantar 80 mil \u00e1rboles, en 80 hect\u00e1reas. <\/p>\n<p>Para este a\u00f1o se est\u00e1 produciendo m\u00e1s de 2 millones de \u00e1rboles de diferentes especies en el marco de la Alianza por el Mill\u00f3n de Hect\u00e1reas Reforestadas a nivel nacional. <\/p>\n<p>Dicha alianza forma parte de la estrategia nacional para la mitigaci\u00f3n y adaptaci\u00f3n al cambio clim\u00e1tico y del plan nacional de seguridad h\u00eddrica 2015-2050. <\/p>\n<p>\u00a0 <\/p>\n","protected":false},"excerpt":{"rendered":"<p>El s\u00e1bado 27 de agosto, se llevar\u00e1 a cabo el <a href=\"https:\/\/sertv.gob.pa\/crisolfm\/se-plantaran-80-mil-arboles-el-27-de-agosto-2016\/\"> [&#8230;]<\/a><\/p>\n","protected":false},"author":1,"featured_media":5897,"comment_status":"closed","ping_status":"closed","sticky":false,"template":"","format":"standard","meta":{"footnotes":""},"categories":[7],"tags":[],"class_list":["post-5896","post","type-post","status-publish","format-standard","has-post-thumbnail","hentry","category-ecologicas"],"_links":{"self":[{"href":"https:\/\/sertv.gob.pa\/crisolfm\/wp-json\/wp\/v2\/posts\/5896","targetHints":{"allow":["GET"]}}],"collection":[{"href":"https:\/\/sertv.gob.pa\/crisolfm\/wp-json\/wp\/v2\/posts"}],"about":[{"href":"https:\/\/sertv.gob.pa\/crisolfm\/wp-json\/wp\/v2\/types\/post"}],"author":[{"embeddable":true,"href":"https:\/\/sertv.gob.pa\/crisolfm\/wp-json\/wp\/v2\/users\/1"}],"replies":[{"embeddable":true,"href":"https:\/\/sertv.gob.pa\/crisolfm\/wp-json\/wp\/v2\/comments?post=5896"}],"version-history":[{"count":0,"href":"https:\/\/sertv.gob.pa\/crisolfm\/wp-json\/wp\/v2\/posts\/5896\/revisions"}],"wp:featuredmedia":[{"embeddable":true,"href":"https:\/\/sertv.gob.pa\/crisolfm\/wp-json\/wp\/v2\/media\/5897"}],"wp:attachment":[{"href":"https:\/\/sertv.gob.pa\/crisolfm\/wp-json\/wp\/v2\/media?parent=5896"}],"wp:term":[{"taxonomy":"category","embeddable":true,"href":"https:\/\/sertv.gob.pa\/crisolfm\/wp-json\/wp\/v2\/categories?post=5896"},{"taxonomy":"post_tag","embeddable":true,"href":"https:\/\/sertv.gob.pa\/crisolfm\/wp-json\/wp\/v2\/tags?post=5896"}],"curies":[{"name":"wp","href":"https:\/\/api.w.org\/{rel}","templated":true}]}}