{"id":5904,"date":"2016-08-12T15:42:48","date_gmt":"2016-08-12T15:42:48","guid":{"rendered":""},"modified":"2016-08-12T15:42:48","modified_gmt":"2016-08-12T15:42:48","slug":"festival-de-la-rana-dorada","status":"publish","type":"post","link":"https:\/\/sertv.gob.pa\/crisolfm\/festival-de-la-rana-dorada\/","title":{"rendered":"Festival de la Rana Dorada"},"content":{"rendered":"<p>\nEl  Festival de la Rana Dorada  regresa en 2016 con su sexta edici\u00f3n, para remarcar el objetivo trazado por sus organizadores: educar a la poblaci\u00f3n sobre los retos que enfrenta la rana dorada y otros anfibios, y paralelamente celebrar la historia, belleza, diversidad y valor ecol\u00f3gico de esta especie en Panam\u00e1. <\/p>\n<p>Las actividades, varias de entrada libre, se desarrollar\u00e1n del 13 al 21 de agosto en puntos como El Valle de Ant\u00f3n, Cocl\u00e9; el Centro Natural Punta Culebra, en Amador; Centro de Investigaci\u00f3n y Conservaci\u00f3n de Anfibios en Gamboa; y el Centro de Convenciones Atlapa, en el marco\u00a0de la  Feria Internacional del Libro . <\/p>\n<p>El festival se programa durante el mes de agosto para que coincida con el  D\u00eda Nacional de la Rana Dorada , 14 de agosto, establecido por la Ley 37 del 3 de agosto de 2010. <\/p>\n<p>\u00a0 <\/p>\n","protected":false},"excerpt":{"rendered":"<p>El Festival de la Rana Dorada regresa en 2016 con <a href=\"https:\/\/sertv.gob.pa\/crisolfm\/festival-de-la-rana-dorada\/\"> [&#8230;]<\/a><\/p>\n","protected":false},"author":1,"featured_media":5905,"comment_status":"closed","ping_status":"closed","sticky":false,"template":"","format":"standard","meta":{"footnotes":""},"categories":[7],"tags":[],"class_list":["post-5904","post","type-post","status-publish","format-standard","has-post-thumbnail","hentry","category-ecologicas"],"_links":{"self":[{"href":"https:\/\/sertv.gob.pa\/crisolfm\/wp-json\/wp\/v2\/posts\/5904","targetHints":{"allow":["GET"]}}],"collection":[{"href":"https:\/\/sertv.gob.pa\/crisolfm\/wp-json\/wp\/v2\/posts"}],"about":[{"href":"https:\/\/sertv.gob.pa\/crisolfm\/wp-json\/wp\/v2\/types\/post"}],"author":[{"embeddable":true,"href":"https:\/\/sertv.gob.pa\/crisolfm\/wp-json\/wp\/v2\/users\/1"}],"replies":[{"embeddable":true,"href":"https:\/\/sertv.gob.pa\/crisolfm\/wp-json\/wp\/v2\/comments?post=5904"}],"version-history":[{"count":0,"href":"https:\/\/sertv.gob.pa\/crisolfm\/wp-json\/wp\/v2\/posts\/5904\/revisions"}],"wp:featuredmedia":[{"embeddable":true,"href":"https:\/\/sertv.gob.pa\/crisolfm\/wp-json\/wp\/v2\/media\/5905"}],"wp:attachment":[{"href":"https:\/\/sertv.gob.pa\/crisolfm\/wp-json\/wp\/v2\/media?parent=5904"}],"wp:term":[{"taxonomy":"category","embeddable":true,"href":"https:\/\/sertv.gob.pa\/crisolfm\/wp-json\/wp\/v2\/categories?post=5904"},{"taxonomy":"post_tag","embeddable":true,"href":"https:\/\/sertv.gob.pa\/crisolfm\/wp-json\/wp\/v2\/tags?post=5904"}],"curies":[{"name":"wp","href":"https:\/\/api.w.org\/{rel}","templated":true}]}}