{"id":5914,"date":"2016-08-14T05:00:00","date_gmt":"2016-08-14T05:00:00","guid":{"rendered":""},"modified":"2016-08-14T05:00:00","modified_gmt":"2016-08-14T05:00:00","slug":"mas-del-60-de-agua-se-desperdicia-en-centroamerica-segun-experta","status":"publish","type":"post","link":"https:\/\/sertv.gob.pa\/crisolfm\/mas-del-60-de-agua-se-desperdicia-en-centroamerica-segun-experta\/","title":{"rendered":"M\u00e1s del 60% de agua se desperdicia en Centroam\u00e9rica, seg\u00fan experta"},"content":{"rendered":"<p>\nEn los sistemas de agua potable de Centroam\u00e9rica \u00abse desperdicia m\u00e1s del 60 por ciento\u00bb, expres\u00f3 la secretaria ejecutiva del Comit\u00e9 Regional de Recursos H\u00eddricos (CRRH) del Sistema de la Integraci\u00f3n Centroamericana (SICA), Patricia Ram\u00edrez. <\/p>\n<p>\u00abCentroam\u00e9rica es rica en agua todav\u00eda, pero botamos mucha y la contaminamos; en algunas partes se desperdicia por fugas y por el mal manejo de tuber\u00eda\u00bb, se\u00f1al\u00f3 Ram\u00edrez a Acan-Efe en San Pedro Sula, norte de Honduras, donde present\u00f3 una ponencia durante el Segundo Foro Centroamericano de Cacao. <\/p>\n<p>Ram\u00edrez expuso sobre la \u00abVariabilidad y cambio clim\u00e1tico en Centroam\u00e9rica y sus posibles impactos en la cadena del cacao\u00bb. <\/p>\n<p>La experta costarricense enfatiz\u00f3 que \u00abno es que no tenemos agua, es que no sabemos usarla\u00bb, y que el mensaje a todos los centroamericanos en general, no solamente a los que se dedican a la agricultura, \u00abes hacer un buen uso del agua\u00bb. <\/p>\n<p>Agreg\u00f3 \u00a0que el cambio clim\u00e1tico ya est\u00e1 impactando mucho y que el panorama no augura nada bueno con el aumento de la temperatura del planeta que, seg\u00fan expertos, podr\u00eda subir en cuatro grados cent\u00edgrados de aqu\u00ed a 2050 y en ocho al cerrar 2100. <\/p>\n<p>\u00abPero si el agua la sabemos trabajar nos puede servir m\u00e1s bien para generar mejores condiciones\u00bb, indic\u00f3 Ram\u00edrez al advertir que \u00abCentroam\u00e9rica tiene que prepararse\u00bb. <\/p>\n<p>\u00a0 <\/p>\n","protected":false},"excerpt":{"rendered":"<p>En los sistemas de agua potable de Centroam\u00e9rica \u00abse desperdicia <a href=\"https:\/\/sertv.gob.pa\/crisolfm\/mas-del-60-de-agua-se-desperdicia-en-centroamerica-segun-experta\/\"> [&#8230;]<\/a><\/p>\n","protected":false},"author":1,"featured_media":5915,"comment_status":"closed","ping_status":"closed","sticky":false,"template":"","format":"standard","meta":{"footnotes":""},"categories":[7],"tags":[],"class_list":["post-5914","post","type-post","status-publish","format-standard","has-post-thumbnail","hentry","category-ecologicas"],"_links":{"self":[{"href":"https:\/\/sertv.gob.pa\/crisolfm\/wp-json\/wp\/v2\/posts\/5914","targetHints":{"allow":["GET"]}}],"collection":[{"href":"https:\/\/sertv.gob.pa\/crisolfm\/wp-json\/wp\/v2\/posts"}],"about":[{"href":"https:\/\/sertv.gob.pa\/crisolfm\/wp-json\/wp\/v2\/types\/post"}],"author":[{"embeddable":true,"href":"https:\/\/sertv.gob.pa\/crisolfm\/wp-json\/wp\/v2\/users\/1"}],"replies":[{"embeddable":true,"href":"https:\/\/sertv.gob.pa\/crisolfm\/wp-json\/wp\/v2\/comments?post=5914"}],"version-history":[{"count":0,"href":"https:\/\/sertv.gob.pa\/crisolfm\/wp-json\/wp\/v2\/posts\/5914\/revisions"}],"wp:featuredmedia":[{"embeddable":true,"href":"https:\/\/sertv.gob.pa\/crisolfm\/wp-json\/wp\/v2\/media\/5915"}],"wp:attachment":[{"href":"https:\/\/sertv.gob.pa\/crisolfm\/wp-json\/wp\/v2\/media?parent=5914"}],"wp:term":[{"taxonomy":"category","embeddable":true,"href":"https:\/\/sertv.gob.pa\/crisolfm\/wp-json\/wp\/v2\/categories?post=5914"},{"taxonomy":"post_tag","embeddable":true,"href":"https:\/\/sertv.gob.pa\/crisolfm\/wp-json\/wp\/v2\/tags?post=5914"}],"curies":[{"name":"wp","href":"https:\/\/api.w.org\/{rel}","templated":true}]}}