{"id":5916,"date":"2016-08-16T15:29:57","date_gmt":"2016-08-16T15:29:57","guid":{"rendered":""},"modified":"2016-08-16T15:29:57","modified_gmt":"2016-08-16T15:29:57","slug":"audiencia-ecologica-por-tala-en-el-parque-la-amistad","status":"publish","type":"post","link":"https:\/\/sertv.gob.pa\/crisolfm\/audiencia-ecologica-por-tala-en-el-parque-la-amistad\/","title":{"rendered":"Audiencia ecol\u00f3gica por tala en el Parque La Amistad"},"content":{"rendered":"<p>\nTras el decomiso de 25 mil 500 pies de madera y tala en el sector del  Parque Internacional La Amistad (PILA)  el pasado 12 de agosto, se lleva a cabo la primera audiencia ecol\u00f3gica en  Chiriqu\u00ed . <\/p>\n<p>La directora provincial de Mi Ambiente, Yilka Aguirre, asegura que este es el primer caso en la provincia que se realiza un juicio en materia ambiental. <\/p>\n<p>La funcionaria detall\u00f3 que se trata de una persona de 50 a\u00f1os, residente en  Dos R\u00edos de Dolega , es el propietario de la madera que se talo en el PILA y se le concedi\u00f3 una medida cautelar de cuatro\u00a0meses para su investigaci\u00f3n.\u00a0 <\/p>\n<p>Mi Ambiente abri\u00f3 un proceso administrativo para la sanci\u00f3n correspondiente de esta persona, quien a su vez deber\u00e1 presentar sus descargos y la Fiscal\u00eda Adjunta de Bugaba, a cargo de Yulissa R\u00edos, har\u00e1 las investigaciones de rigor. <\/p>\n<p>Se trata del segundo decomiso de madera en la misma zona de Monte Azul que se halla dentro del \u00e1rea protegida del PILA, en Cerro Punta de Bugaba y la especie Mamecillo es la m\u00e1s afectada. <\/p>\n<p>El pasado viernes, una  denuncia ciudadana alert\u00f3 a la Polic\u00eda Nacional sobre una persona que talaba en el PILA . <\/p>\n<p>Jos\u00e9 Arauz, jefe del \u00a0  Parque Internacional La Amistad , manifest\u00f3 que se efect\u00faan operativos e inspecciones\u00a0en conjunto con la Polic\u00eda Ecol\u00f3gica para prevenir los delitos ecol\u00f3gicos. <\/p>\n<p>\u00a0 <\/p>\n","protected":false},"excerpt":{"rendered":"<p>Tras el decomiso de 25 mil 500 pies de madera <a href=\"https:\/\/sertv.gob.pa\/crisolfm\/audiencia-ecologica-por-tala-en-el-parque-la-amistad\/\"> [&#8230;]<\/a><\/p>\n","protected":false},"author":1,"featured_media":5917,"comment_status":"closed","ping_status":"closed","sticky":false,"template":"","format":"standard","meta":{"footnotes":""},"categories":[7],"tags":[],"class_list":["post-5916","post","type-post","status-publish","format-standard","has-post-thumbnail","hentry","category-ecologicas"],"_links":{"self":[{"href":"https:\/\/sertv.gob.pa\/crisolfm\/wp-json\/wp\/v2\/posts\/5916","targetHints":{"allow":["GET"]}}],"collection":[{"href":"https:\/\/sertv.gob.pa\/crisolfm\/wp-json\/wp\/v2\/posts"}],"about":[{"href":"https:\/\/sertv.gob.pa\/crisolfm\/wp-json\/wp\/v2\/types\/post"}],"author":[{"embeddable":true,"href":"https:\/\/sertv.gob.pa\/crisolfm\/wp-json\/wp\/v2\/users\/1"}],"replies":[{"embeddable":true,"href":"https:\/\/sertv.gob.pa\/crisolfm\/wp-json\/wp\/v2\/comments?post=5916"}],"version-history":[{"count":0,"href":"https:\/\/sertv.gob.pa\/crisolfm\/wp-json\/wp\/v2\/posts\/5916\/revisions"}],"wp:featuredmedia":[{"embeddable":true,"href":"https:\/\/sertv.gob.pa\/crisolfm\/wp-json\/wp\/v2\/media\/5917"}],"wp:attachment":[{"href":"https:\/\/sertv.gob.pa\/crisolfm\/wp-json\/wp\/v2\/media?parent=5916"}],"wp:term":[{"taxonomy":"category","embeddable":true,"href":"https:\/\/sertv.gob.pa\/crisolfm\/wp-json\/wp\/v2\/categories?post=5916"},{"taxonomy":"post_tag","embeddable":true,"href":"https:\/\/sertv.gob.pa\/crisolfm\/wp-json\/wp\/v2\/tags?post=5916"}],"curies":[{"name":"wp","href":"https:\/\/api.w.org\/{rel}","templated":true}]}}