{"id":5928,"date":"2016-08-17T15:15:09","date_gmt":"2016-08-17T15:15:09","guid":{"rendered":""},"modified":"2016-08-17T15:15:09","modified_gmt":"2016-08-17T15:15:09","slug":"sismo-de-5-2-grados-en-peru","status":"publish","type":"post","link":"https:\/\/sertv.gob.pa\/crisolfm\/sismo-de-5-2-grados-en-peru\/","title":{"rendered":"Sismo de 5.2 grados en Per\u00fa"},"content":{"rendered":"<p>\nUna cantidad indeterminada result\u00f3 afectada, tras un sismo de 5,2 grados en la escala Richter registrado en la regi\u00f3n de Arequipa (sur), inform\u00f3 el Instituto de Defensa Civil (Indeci).\u00a0 <\/p>\n<p>Seg\u00fan el reporte, las v\u00edctimas se registran en aldeas remotas de la regi\u00f3n surandina, en los distritos de Ichupampa, Chivay, Achoma, Yanque y Coporague en la provincia de Caylloma a poco m\u00e1s de 1.000 kil\u00f3metros de Lima. <\/p>\n<p>El Indeci destall\u00f3 que el sismo ocurri\u00f3 cerca de las 21:58 tiempo local (02:58 GMT del lunes) a una profundidad de ocho kil\u00f3metros al sureste de la localidad de Chivay.\u00a0 <\/p>\n<p>El ministro de Defensa de Per\u00fa, Mariano Gonz\u00e1lez, dispuso el env\u00edo de tres helic\u00f3pteros para hacer un reconocimiento de la zona altoandina, ubicada a m\u00e1s de 3.500 metros sobre el nivel del mar, para hacer un reconocimiento y prestar ayuda.\u00a0 <\/p>\n<p>El funcionario precis\u00f3 que las informaciones preliminares procedentes de la zona solamente dan cuenta de ocho o a lo m\u00e1ximo nueve v\u00edctimas mortales a consecuencia del movimiento tel\u00farico. <\/p>\n<p>\u00a0 <\/p>\n","protected":false},"excerpt":{"rendered":"<p>Una cantidad indeterminada result\u00f3 afectada, tras un sismo de 5,2 <a href=\"https:\/\/sertv.gob.pa\/crisolfm\/sismo-de-5-2-grados-en-peru\/\"> [&#8230;]<\/a><\/p>\n","protected":false},"author":1,"featured_media":5929,"comment_status":"closed","ping_status":"closed","sticky":false,"template":"","format":"standard","meta":{"footnotes":""},"categories":[7],"tags":[],"class_list":["post-5928","post","type-post","status-publish","format-standard","has-post-thumbnail","hentry","category-ecologicas"],"_links":{"self":[{"href":"https:\/\/sertv.gob.pa\/crisolfm\/wp-json\/wp\/v2\/posts\/5928","targetHints":{"allow":["GET"]}}],"collection":[{"href":"https:\/\/sertv.gob.pa\/crisolfm\/wp-json\/wp\/v2\/posts"}],"about":[{"href":"https:\/\/sertv.gob.pa\/crisolfm\/wp-json\/wp\/v2\/types\/post"}],"author":[{"embeddable":true,"href":"https:\/\/sertv.gob.pa\/crisolfm\/wp-json\/wp\/v2\/users\/1"}],"replies":[{"embeddable":true,"href":"https:\/\/sertv.gob.pa\/crisolfm\/wp-json\/wp\/v2\/comments?post=5928"}],"version-history":[{"count":0,"href":"https:\/\/sertv.gob.pa\/crisolfm\/wp-json\/wp\/v2\/posts\/5928\/revisions"}],"wp:featuredmedia":[{"embeddable":true,"href":"https:\/\/sertv.gob.pa\/crisolfm\/wp-json\/wp\/v2\/media\/5929"}],"wp:attachment":[{"href":"https:\/\/sertv.gob.pa\/crisolfm\/wp-json\/wp\/v2\/media?parent=5928"}],"wp:term":[{"taxonomy":"category","embeddable":true,"href":"https:\/\/sertv.gob.pa\/crisolfm\/wp-json\/wp\/v2\/categories?post=5928"},{"taxonomy":"post_tag","embeddable":true,"href":"https:\/\/sertv.gob.pa\/crisolfm\/wp-json\/wp\/v2\/tags?post=5928"}],"curies":[{"name":"wp","href":"https:\/\/api.w.org\/{rel}","templated":true}]}}