{"id":59511,"date":"2024-02-01T18:54:33","date_gmt":"2024-02-01T18:54:33","guid":{"rendered":"https:\/\/sertv.gob.pa\/crisolfm\/?p=59511"},"modified":"2024-02-01T18:54:33","modified_gmt":"2024-02-01T18:54:33","slug":"los-principales-sindicatos-de-agricultores-franceses-piden-que-se-levanten-los-bloqueos","status":"publish","type":"post","link":"https:\/\/sertv.gob.pa\/crisolfm\/los-principales-sindicatos-de-agricultores-franceses-piden-que-se-levanten-los-bloqueos\/","title":{"rendered":"Los principales sindicatos de agricultores franceses piden que se levanten los bloqueos"},"content":{"rendered":"<p><strong><em>Par\u00eds, (EFE).-<\/em><\/strong><em> Los principales sindicatos de agricultores franceses pidieron este jueves que se levanten los bloqueos que han mantenido decenas de autopistas y carreteras cerradas a la circulaci\u00f3n durante dos semanas, poco despu\u00e9s de una nueva serie de medidas de ayuda anunciadas por el Gobierno.<\/p>\n<p>\u201cEl movimiento no se detiene, se transforma\u201d, afirm\u00f3 en conferencia de prensa el presidente de la Federaci\u00f3n Nacional de Sindicatos de Explotadores Agr\u00edcolas (FNSEA), Arnaud Rousseau, que advirti\u00f3 de que habr\u00e1 nuevas movilizaciones si en 15 d\u00edas no se concretan los anuncios hechos por el primer ministro, Gabriel Attal, y si no entran en vigor de aqu\u00ed a junio.<\/p>\n<p>Arnaud Gaillot, responsable de J\u00f3venes Agricultores, organizaci\u00f3n hermana de la FNSEA, explic\u00f3 que la petici\u00f3n de \u201csuspender el bloqueo y entrar en un nuevo modo de acci\u00f3n\u201d se hab\u00eda tomado despu\u00e9s de consultar con las bases a la vista de los compromisos hechos por Attal.<\/p>\n<p>Los sindicatos valoraron positivamente los \u201cavances tangibles\u201d hechos hoy por el Ejecutivo, que complementan las promesas del pasado viernes, que los agricultores consideraron insuficientes, y que en todo caso deber\u00e1n concretarse con medidas de urgencia.<\/p>\n<p>Entre ellas, mencionaron las acciones para favorecer el relevo generacional de los trabajadores del campo con exenciones fiscales automatizadas, o la lucha contra el fraude de productos que se presentan como de origen franc\u00e9s pero que no lo son.<\/p>\n<p>Rousseau puntualiz\u00f3 que hay cuestiones que \u201cno est\u00e1n a la altura y que habr\u00e1 que aclarar\u201d.<\/p>\n<p>Estos dos sindicatos hegem\u00f3nicos respaldaron la postura de rechazo del Gobierno de Emmanuel Macron al tratado de libre comercio que la Uni\u00f3n Europea discute con el Mercosur e instaron a que Par\u00eds la mantenga.<\/em><\/p>\n","protected":false},"excerpt":{"rendered":"<p>Par\u00eds, (EFE).- Los principales sindicatos de agricultores franceses pidieron este <a href=\"https:\/\/sertv.gob.pa\/crisolfm\/los-principales-sindicatos-de-agricultores-franceses-piden-que-se-levanten-los-bloqueos\/\"> [&#8230;]<\/a><\/p>\n","protected":false},"author":9,"featured_media":59512,"comment_status":"closed","ping_status":"closed","sticky":false,"template":"","format":"standard","meta":{"footnotes":""},"categories":[13],"tags":[],"class_list":["post-59511","post","type-post","status-publish","format-standard","has-post-thumbnail","hentry","category-internacionales"],"_links":{"self":[{"href":"https:\/\/sertv.gob.pa\/crisolfm\/wp-json\/wp\/v2\/posts\/59511","targetHints":{"allow":["GET"]}}],"collection":[{"href":"https:\/\/sertv.gob.pa\/crisolfm\/wp-json\/wp\/v2\/posts"}],"about":[{"href":"https:\/\/sertv.gob.pa\/crisolfm\/wp-json\/wp\/v2\/types\/post"}],"author":[{"embeddable":true,"href":"https:\/\/sertv.gob.pa\/crisolfm\/wp-json\/wp\/v2\/users\/9"}],"replies":[{"embeddable":true,"href":"https:\/\/sertv.gob.pa\/crisolfm\/wp-json\/wp\/v2\/comments?post=59511"}],"version-history":[{"count":1,"href":"https:\/\/sertv.gob.pa\/crisolfm\/wp-json\/wp\/v2\/posts\/59511\/revisions"}],"predecessor-version":[{"id":59513,"href":"https:\/\/sertv.gob.pa\/crisolfm\/wp-json\/wp\/v2\/posts\/59511\/revisions\/59513"}],"wp:featuredmedia":[{"embeddable":true,"href":"https:\/\/sertv.gob.pa\/crisolfm\/wp-json\/wp\/v2\/media\/59512"}],"wp:attachment":[{"href":"https:\/\/sertv.gob.pa\/crisolfm\/wp-json\/wp\/v2\/media?parent=59511"}],"wp:term":[{"taxonomy":"category","embeddable":true,"href":"https:\/\/sertv.gob.pa\/crisolfm\/wp-json\/wp\/v2\/categories?post=59511"},{"taxonomy":"post_tag","embeddable":true,"href":"https:\/\/sertv.gob.pa\/crisolfm\/wp-json\/wp\/v2\/tags?post=59511"}],"curies":[{"name":"wp","href":"https:\/\/api.w.org\/{rel}","templated":true}]}}