{"id":5958,"date":"2016-08-19T15:46:54","date_gmt":"2016-08-19T15:46:54","guid":{"rendered":""},"modified":"2016-08-19T15:46:54","modified_gmt":"2016-08-19T15:46:54","slug":"en-aguas-del-atlantico-tormenta-tropical-fiona-se-fortalece","status":"publish","type":"post","link":"https:\/\/sertv.gob.pa\/crisolfm\/en-aguas-del-atlantico-tormenta-tropical-fiona-se-fortalece\/","title":{"rendered":"En aguas del Atl\u00e1ntico tormenta tropical Fiona se fortalece"},"content":{"rendered":"<p>\nFiona, la sexta tormenta tropical de la temporada de huracanes en la cuenca atl\u00e1ntica, se fortaleci\u00f3 al subir sus vientos m\u00e1ximos sostenidos a 75 kil\u00f3metros por hora en su avance en direcci\u00f3n noroeste por el Atl\u00e1ntico, inform\u00f3 el Centro Nacional de Huracanes (NHC) de EE.UU. <\/p>\n<p>El NHC se\u00f1al\u00f3 en su bolet\u00edn m\u00e1s reciente que Fiona se halla a 1.740 kil\u00f3metros al oeste de las islas de Cabo Verde y se mueve r\u00e1pidamente en direcci\u00f3n oeste-noroeste con una velocidad de traslaci\u00f3n de 26 kil\u00f3metros por hora. <\/p>\n<p>\u00a0 <\/p>\n","protected":false},"excerpt":{"rendered":"<p>Fiona, la sexta tormenta tropical de la temporada de huracanes <a href=\"https:\/\/sertv.gob.pa\/crisolfm\/en-aguas-del-atlantico-tormenta-tropical-fiona-se-fortalece\/\"> [&#8230;]<\/a><\/p>\n","protected":false},"author":1,"featured_media":5959,"comment_status":"closed","ping_status":"closed","sticky":false,"template":"","format":"standard","meta":{"footnotes":""},"categories":[7],"tags":[],"class_list":["post-5958","post","type-post","status-publish","format-standard","has-post-thumbnail","hentry","category-ecologicas"],"_links":{"self":[{"href":"https:\/\/sertv.gob.pa\/crisolfm\/wp-json\/wp\/v2\/posts\/5958","targetHints":{"allow":["GET"]}}],"collection":[{"href":"https:\/\/sertv.gob.pa\/crisolfm\/wp-json\/wp\/v2\/posts"}],"about":[{"href":"https:\/\/sertv.gob.pa\/crisolfm\/wp-json\/wp\/v2\/types\/post"}],"author":[{"embeddable":true,"href":"https:\/\/sertv.gob.pa\/crisolfm\/wp-json\/wp\/v2\/users\/1"}],"replies":[{"embeddable":true,"href":"https:\/\/sertv.gob.pa\/crisolfm\/wp-json\/wp\/v2\/comments?post=5958"}],"version-history":[{"count":0,"href":"https:\/\/sertv.gob.pa\/crisolfm\/wp-json\/wp\/v2\/posts\/5958\/revisions"}],"wp:featuredmedia":[{"embeddable":true,"href":"https:\/\/sertv.gob.pa\/crisolfm\/wp-json\/wp\/v2\/media\/5959"}],"wp:attachment":[{"href":"https:\/\/sertv.gob.pa\/crisolfm\/wp-json\/wp\/v2\/media?parent=5958"}],"wp:term":[{"taxonomy":"category","embeddable":true,"href":"https:\/\/sertv.gob.pa\/crisolfm\/wp-json\/wp\/v2\/categories?post=5958"},{"taxonomy":"post_tag","embeddable":true,"href":"https:\/\/sertv.gob.pa\/crisolfm\/wp-json\/wp\/v2\/tags?post=5958"}],"curies":[{"name":"wp","href":"https:\/\/api.w.org\/{rel}","templated":true}]}}