{"id":5984,"date":"2016-08-25T15:00:03","date_gmt":"2016-08-25T15:00:03","guid":{"rendered":""},"modified":"2016-08-25T15:00:03","modified_gmt":"2016-08-25T15:00:03","slug":"la-acp-continua-con-su-proceso-de-reforestacion","status":"publish","type":"post","link":"https:\/\/sertv.gob.pa\/crisolfm\/la-acp-continua-con-su-proceso-de-reforestacion\/","title":{"rendered":"La ACP contin\u00faa con su proceso de reforestaci\u00f3n"},"content":{"rendered":"<p>\nLa Autoridad del Canal de Panam\u00e1 (ACP) anunci\u00f3 que avanza con su compromiso de compensaci\u00f3n de bosques por la construcci\u00f3n de las nuevas esclusas del Canal de Panam\u00e1, reci\u00e9n inauguradas el pasado 26 de junio de 2016. <\/p>\n<p>La ACP comenz\u00f3 el proceso de reforestaci\u00f3n de 83 hect\u00e1reas en la provincia de Dari\u00e9n, como parte de los proyectos de compensaci\u00f3n ecol\u00f3gica, indic\u00f3 la instituci\u00f3n a trav\u00e9s de un comunicado. <\/p>\n<p>Con esta nueva meta a reforestar y las otras 937 que ya se han efectuado en distintos lugares del pa\u00eds, hasta el momento la ACP ha logrado compensar 1,020 hect\u00e1reas de \u00e1reas boscosas, con una inversi\u00f3n de $3 millones. <\/p>\n<p>Se estima que para la ejecuci\u00f3n de la obra se talaron 160 hect\u00e1reas de bosque, sin embargo se reforestar\u00e1 el doble. El total a reforestar como parte del proyecto es de 1,243 hect\u00e1reas, esto significa que a la fecha a ACP solo le quedan 223 hect\u00e1reas de bosques por reforestar como parte de su compromiso de compensaci\u00f3n por la construcci\u00f3n del Canal de Panam\u00e1. <\/p>\n<p>\u00a0 <\/p>\n","protected":false},"excerpt":{"rendered":"<p>La Autoridad del Canal de Panam\u00e1 (ACP) anunci\u00f3 que avanza <a href=\"https:\/\/sertv.gob.pa\/crisolfm\/la-acp-continua-con-su-proceso-de-reforestacion\/\"> [&#8230;]<\/a><\/p>\n","protected":false},"author":1,"featured_media":5985,"comment_status":"closed","ping_status":"closed","sticky":false,"template":"","format":"standard","meta":{"footnotes":""},"categories":[7],"tags":[],"class_list":["post-5984","post","type-post","status-publish","format-standard","has-post-thumbnail","hentry","category-ecologicas"],"_links":{"self":[{"href":"https:\/\/sertv.gob.pa\/crisolfm\/wp-json\/wp\/v2\/posts\/5984","targetHints":{"allow":["GET"]}}],"collection":[{"href":"https:\/\/sertv.gob.pa\/crisolfm\/wp-json\/wp\/v2\/posts"}],"about":[{"href":"https:\/\/sertv.gob.pa\/crisolfm\/wp-json\/wp\/v2\/types\/post"}],"author":[{"embeddable":true,"href":"https:\/\/sertv.gob.pa\/crisolfm\/wp-json\/wp\/v2\/users\/1"}],"replies":[{"embeddable":true,"href":"https:\/\/sertv.gob.pa\/crisolfm\/wp-json\/wp\/v2\/comments?post=5984"}],"version-history":[{"count":0,"href":"https:\/\/sertv.gob.pa\/crisolfm\/wp-json\/wp\/v2\/posts\/5984\/revisions"}],"wp:featuredmedia":[{"embeddable":true,"href":"https:\/\/sertv.gob.pa\/crisolfm\/wp-json\/wp\/v2\/media\/5985"}],"wp:attachment":[{"href":"https:\/\/sertv.gob.pa\/crisolfm\/wp-json\/wp\/v2\/media?parent=5984"}],"wp:term":[{"taxonomy":"category","embeddable":true,"href":"https:\/\/sertv.gob.pa\/crisolfm\/wp-json\/wp\/v2\/categories?post=5984"},{"taxonomy":"post_tag","embeddable":true,"href":"https:\/\/sertv.gob.pa\/crisolfm\/wp-json\/wp\/v2\/tags?post=5984"}],"curies":[{"name":"wp","href":"https:\/\/api.w.org\/{rel}","templated":true}]}}