{"id":59873,"date":"2024-02-23T18:08:35","date_gmt":"2024-02-23T18:08:35","guid":{"rendered":"https:\/\/sertv.gob.pa\/crisolfm\/?p=59873"},"modified":"2024-02-23T18:08:35","modified_gmt":"2024-02-23T18:08:35","slug":"los-agricultores-vuelven-a-la-calle-y-se-organizan-para-presionar-el-proximo-lunes-a-la-ue","status":"publish","type":"post","link":"https:\/\/sertv.gob.pa\/crisolfm\/los-agricultores-vuelven-a-la-calle-y-se-organizan-para-presionar-el-proximo-lunes-a-la-ue\/","title":{"rendered":"Los agricultores vuelven a la calle y se organizan para presionar el pr\u00f3ximo lunes a la UE"},"content":{"rendered":"<p><strong><em>Madrid (EFE).- Los agricultores y ganaderos han vuelto a salir este viernes a las calles en Le\u00f3n y otros puntos de Espa\u00f1a, mientras Asaja, COAG y UPA han concretado su protesta del pr\u00f3ximo lunes en Madrid para presionar a la Uni\u00f3n Europea (UE).<\/em><\/strong><\/p>\n<p><strong><em>Esas tres organizaciones agrarias han anunciado una tractorada con cientos de veh\u00edculos y miles de manifestantes desde el Ministerio de Agricultura, Pesca y Alimentaci\u00f3n hasta la sede de la oficina de la Comisi\u00f3n Europea (CE) en Madrid.<\/em><\/strong><\/p>\n","protected":false},"excerpt":{"rendered":"<p>Madrid (EFE).- Los agricultores y ganaderos han vuelto a salir <a href=\"https:\/\/sertv.gob.pa\/crisolfm\/los-agricultores-vuelven-a-la-calle-y-se-organizan-para-presionar-el-proximo-lunes-a-la-ue\/\"> [&#8230;]<\/a><\/p>\n","protected":false},"author":9,"featured_media":59874,"comment_status":"closed","ping_status":"closed","sticky":false,"template":"","format":"standard","meta":{"footnotes":""},"categories":[13],"tags":[],"class_list":["post-59873","post","type-post","status-publish","format-standard","has-post-thumbnail","hentry","category-internacionales"],"_links":{"self":[{"href":"https:\/\/sertv.gob.pa\/crisolfm\/wp-json\/wp\/v2\/posts\/59873","targetHints":{"allow":["GET"]}}],"collection":[{"href":"https:\/\/sertv.gob.pa\/crisolfm\/wp-json\/wp\/v2\/posts"}],"about":[{"href":"https:\/\/sertv.gob.pa\/crisolfm\/wp-json\/wp\/v2\/types\/post"}],"author":[{"embeddable":true,"href":"https:\/\/sertv.gob.pa\/crisolfm\/wp-json\/wp\/v2\/users\/9"}],"replies":[{"embeddable":true,"href":"https:\/\/sertv.gob.pa\/crisolfm\/wp-json\/wp\/v2\/comments?post=59873"}],"version-history":[{"count":1,"href":"https:\/\/sertv.gob.pa\/crisolfm\/wp-json\/wp\/v2\/posts\/59873\/revisions"}],"predecessor-version":[{"id":59875,"href":"https:\/\/sertv.gob.pa\/crisolfm\/wp-json\/wp\/v2\/posts\/59873\/revisions\/59875"}],"wp:featuredmedia":[{"embeddable":true,"href":"https:\/\/sertv.gob.pa\/crisolfm\/wp-json\/wp\/v2\/media\/59874"}],"wp:attachment":[{"href":"https:\/\/sertv.gob.pa\/crisolfm\/wp-json\/wp\/v2\/media?parent=59873"}],"wp:term":[{"taxonomy":"category","embeddable":true,"href":"https:\/\/sertv.gob.pa\/crisolfm\/wp-json\/wp\/v2\/categories?post=59873"},{"taxonomy":"post_tag","embeddable":true,"href":"https:\/\/sertv.gob.pa\/crisolfm\/wp-json\/wp\/v2\/tags?post=59873"}],"curies":[{"name":"wp","href":"https:\/\/api.w.org\/{rel}","templated":true}]}}