{"id":5996,"date":"2016-08-26T15:20:20","date_gmt":"2016-08-26T15:20:20","guid":{"rendered":""},"modified":"2016-08-26T15:20:20","modified_gmt":"2016-08-26T15:20:20","slug":"lester-tormenta-tropical-se-forma-en-el-pacifico","status":"publish","type":"post","link":"https:\/\/sertv.gob.pa\/crisolfm\/lester-tormenta-tropical-se-forma-en-el-pacifico\/","title":{"rendered":"\u2018Lester\u2019, tormenta tropical, se forma en el Pac\u00edfico"},"content":{"rendered":"<p>\nLa tormenta tropical &ldquo;Lester&rdquo; se form\u00f3 en el Pac\u00edfico frente a M\u00e9xico central aunque sin riesgo para sus costas, informaron meteor\u00f3logos estadounidenses. <\/p>\n<p>\u00a0&ldquo;No hay alertas costeras ni advertencias en vigor&rdquo;, inform\u00f3 el Centro Nacional de Huracanes (NHC, por sus siglas en ingl\u00e9s), con sede en Miami. <\/p>\n<p>A 765 kil\u00f3metros al suroeste de la pen\u00ednsula de Baja California, Lester se desplaza a 19 kil\u00f3metros por hora en direcci\u00f3n noroeste con vientos m\u00e1ximos sostenidos de 65 kil\u00f3metros por hora, agreg\u00f3 el NHC. <\/p>\n<p>Se espera que se desplace al noroeste y se convierta un hurac\u00e1n este fin de semana. <\/p>\n<p>A principios de mes, el hurac\u00e1n &ldquo;Earl&rdquo; dej\u00f3 45 muertos y cientos de damnificados en M\u00e9xico. La zona m\u00e1s afectada fue la sierra norte del estado de Puebla. <\/p>\n<p>\u00a0 <\/p>\n","protected":false},"excerpt":{"rendered":"<p>La tormenta tropical &ldquo;Lester&rdquo; se form\u00f3 en el Pac\u00edfico frente <a href=\"https:\/\/sertv.gob.pa\/crisolfm\/lester-tormenta-tropical-se-forma-en-el-pacifico\/\"> [&#8230;]<\/a><\/p>\n","protected":false},"author":1,"featured_media":5997,"comment_status":"closed","ping_status":"closed","sticky":false,"template":"","format":"standard","meta":{"footnotes":""},"categories":[7],"tags":[],"class_list":["post-5996","post","type-post","status-publish","format-standard","has-post-thumbnail","hentry","category-ecologicas"],"_links":{"self":[{"href":"https:\/\/sertv.gob.pa\/crisolfm\/wp-json\/wp\/v2\/posts\/5996","targetHints":{"allow":["GET"]}}],"collection":[{"href":"https:\/\/sertv.gob.pa\/crisolfm\/wp-json\/wp\/v2\/posts"}],"about":[{"href":"https:\/\/sertv.gob.pa\/crisolfm\/wp-json\/wp\/v2\/types\/post"}],"author":[{"embeddable":true,"href":"https:\/\/sertv.gob.pa\/crisolfm\/wp-json\/wp\/v2\/users\/1"}],"replies":[{"embeddable":true,"href":"https:\/\/sertv.gob.pa\/crisolfm\/wp-json\/wp\/v2\/comments?post=5996"}],"version-history":[{"count":0,"href":"https:\/\/sertv.gob.pa\/crisolfm\/wp-json\/wp\/v2\/posts\/5996\/revisions"}],"wp:featuredmedia":[{"embeddable":true,"href":"https:\/\/sertv.gob.pa\/crisolfm\/wp-json\/wp\/v2\/media\/5997"}],"wp:attachment":[{"href":"https:\/\/sertv.gob.pa\/crisolfm\/wp-json\/wp\/v2\/media?parent=5996"}],"wp:term":[{"taxonomy":"category","embeddable":true,"href":"https:\/\/sertv.gob.pa\/crisolfm\/wp-json\/wp\/v2\/categories?post=5996"},{"taxonomy":"post_tag","embeddable":true,"href":"https:\/\/sertv.gob.pa\/crisolfm\/wp-json\/wp\/v2\/tags?post=5996"}],"curies":[{"name":"wp","href":"https:\/\/api.w.org\/{rel}","templated":true}]}}