{"id":60077,"date":"2024-03-04T18:40:25","date_gmt":"2024-03-04T18:40:25","guid":{"rendered":"https:\/\/sertv.gob.pa\/crisolfm\/?p=60077"},"modified":"2024-03-04T18:40:25","modified_gmt":"2024-03-04T18:40:25","slug":"el-tribunal-supremo-de-ee-uu-rechaza-el-fallo-de-colorado-y-autoriza-a-trump-a-presentarse-a-las-primarias","status":"publish","type":"post","link":"https:\/\/sertv.gob.pa\/crisolfm\/el-tribunal-supremo-de-ee-uu-rechaza-el-fallo-de-colorado-y-autoriza-a-trump-a-presentarse-a-las-primarias\/","title":{"rendered":"El Tribunal Supremo de EE.UU. rechaza el fallo de Colorado y autoriza a Trump a presentarse a las primarias"},"content":{"rendered":"<p><strong><em>Washington (EFE).- <\/em><\/strong><em>El Tribunal Supremo de Estados Unidos declar\u00f3 este lunes inconstitucional la expulsi\u00f3n del expresidente Donald Trump (2017-2021) de las primarias republicanas en Colorado, un fallo que le allana el camino para ser elegido el candidato de su partido a la presidencia.<\/em><\/p>\n<p><em>La decisi\u00f3n del m\u00e1ximo tribunal, que se anunci\u00f3 la v\u00edspera del \u2018supermartes\u2019, fecha clave en el camino a la Casa Blanca, podr\u00eda afectar tambi\u00e9n a denuncias similares que han interpuesto los estados de Maine e Illinois.<\/em><\/p>\n","protected":false},"excerpt":{"rendered":"<p>Washington (EFE).- El Tribunal Supremo de Estados Unidos declar\u00f3 este <a href=\"https:\/\/sertv.gob.pa\/crisolfm\/el-tribunal-supremo-de-ee-uu-rechaza-el-fallo-de-colorado-y-autoriza-a-trump-a-presentarse-a-las-primarias\/\"> [&#8230;]<\/a><\/p>\n","protected":false},"author":9,"featured_media":60078,"comment_status":"closed","ping_status":"closed","sticky":false,"template":"","format":"standard","meta":{"footnotes":""},"categories":[13],"tags":[],"class_list":["post-60077","post","type-post","status-publish","format-standard","has-post-thumbnail","hentry","category-internacionales"],"_links":{"self":[{"href":"https:\/\/sertv.gob.pa\/crisolfm\/wp-json\/wp\/v2\/posts\/60077","targetHints":{"allow":["GET"]}}],"collection":[{"href":"https:\/\/sertv.gob.pa\/crisolfm\/wp-json\/wp\/v2\/posts"}],"about":[{"href":"https:\/\/sertv.gob.pa\/crisolfm\/wp-json\/wp\/v2\/types\/post"}],"author":[{"embeddable":true,"href":"https:\/\/sertv.gob.pa\/crisolfm\/wp-json\/wp\/v2\/users\/9"}],"replies":[{"embeddable":true,"href":"https:\/\/sertv.gob.pa\/crisolfm\/wp-json\/wp\/v2\/comments?post=60077"}],"version-history":[{"count":1,"href":"https:\/\/sertv.gob.pa\/crisolfm\/wp-json\/wp\/v2\/posts\/60077\/revisions"}],"predecessor-version":[{"id":60079,"href":"https:\/\/sertv.gob.pa\/crisolfm\/wp-json\/wp\/v2\/posts\/60077\/revisions\/60079"}],"wp:featuredmedia":[{"embeddable":true,"href":"https:\/\/sertv.gob.pa\/crisolfm\/wp-json\/wp\/v2\/media\/60078"}],"wp:attachment":[{"href":"https:\/\/sertv.gob.pa\/crisolfm\/wp-json\/wp\/v2\/media?parent=60077"}],"wp:term":[{"taxonomy":"category","embeddable":true,"href":"https:\/\/sertv.gob.pa\/crisolfm\/wp-json\/wp\/v2\/categories?post=60077"},{"taxonomy":"post_tag","embeddable":true,"href":"https:\/\/sertv.gob.pa\/crisolfm\/wp-json\/wp\/v2\/tags?post=60077"}],"curies":[{"name":"wp","href":"https:\/\/api.w.org\/{rel}","templated":true}]}}