{"id":6010,"date":"2016-08-28T05:00:00","date_gmt":"2016-08-28T05:00:00","guid":{"rendered":""},"modified":"2016-08-28T05:00:00","modified_gmt":"2016-08-28T05:00:00","slug":"acuerdo-de-paris-es-aprobado-en-tercer-debate-en-la-asamblea-nacional","status":"publish","type":"post","link":"https:\/\/sertv.gob.pa\/crisolfm\/acuerdo-de-paris-es-aprobado-en-tercer-debate-en-la-asamblea-nacional\/","title":{"rendered":"Acuerdo de Par\u00eds es aprobado en tercer debate en la Asamblea Nacional"},"content":{"rendered":"<p>\nEn cumplimiento con los compromisos adquiridos en diciembre del a\u00f1o pasado, en el marco de la Cumbre del Clima, en Par\u00eds, Panam\u00e1 aprob\u00f3 en tercer debate de la Asamblea Nacional el proyecto de ley 361, a trav\u00e9s del cual el pa\u00eds adopta el Acuerdo de Par\u00eds dentro de su legislaci\u00f3n. <\/p>\n<p>Con este paso, Panam\u00e1 se suma a la lista de naciones que luchan contra el cambio clim\u00e1tico. El istmo se comprometi\u00f3 durante el COP21 -en sus diferentes mesas y rondas de trabajo- a conservar los bosques, asegurando que valorar\u00eda &lsquo;la conservaci\u00f3n y protecci\u00f3n de los bosques tropicales&#8217;. <\/p>\n<p>La ministra de Ambiente, Mirei Endara, se\u00f1al\u00f3 que los pa\u00edses que hasta ahora han dicho que van a ratificar el acuerdo suman el 59.8% de las emisiones de gases de efecto invernadero del planeta. <\/p>\n<p>&lsquo;Panam\u00e1 no es un pa\u00eds de grandes emisiones de gases, pero en los diferentes bloques de negociaciones, se comprometi\u00f3 a conservar sus bosques&#8217;, sostuvo la titular de la cartera ambiental. <\/p>\n<p>Panam\u00e1 firm\u00f3 el Protocolo de Kioto en 1998 y lo ratific\u00f3 un a\u00f1o despu\u00e9s. Sin embargo, el mismo ha carecido de efectividad, por lo que el Acuerdo de Par\u00eds viene a sustituirlo, con la promesa de ser m\u00e1s universal y equitativo. <\/p>\n<p>La aprobaci\u00f3n del proyecto se dio con la presencia de la ministra de Ambiente y representantes de organismos ambientales de Nicaragua, Dominica, Honduras, Cuba y Guinea Bissau. <\/p>\n<p>\u00a0 <\/p>\n","protected":false},"excerpt":{"rendered":"<p>En cumplimiento con los compromisos adquiridos en diciembre del a\u00f1o <a href=\"https:\/\/sertv.gob.pa\/crisolfm\/acuerdo-de-paris-es-aprobado-en-tercer-debate-en-la-asamblea-nacional\/\"> [&#8230;]<\/a><\/p>\n","protected":false},"author":1,"featured_media":6011,"comment_status":"closed","ping_status":"closed","sticky":false,"template":"","format":"standard","meta":{"footnotes":""},"categories":[7],"tags":[],"class_list":["post-6010","post","type-post","status-publish","format-standard","has-post-thumbnail","hentry","category-ecologicas"],"_links":{"self":[{"href":"https:\/\/sertv.gob.pa\/crisolfm\/wp-json\/wp\/v2\/posts\/6010","targetHints":{"allow":["GET"]}}],"collection":[{"href":"https:\/\/sertv.gob.pa\/crisolfm\/wp-json\/wp\/v2\/posts"}],"about":[{"href":"https:\/\/sertv.gob.pa\/crisolfm\/wp-json\/wp\/v2\/types\/post"}],"author":[{"embeddable":true,"href":"https:\/\/sertv.gob.pa\/crisolfm\/wp-json\/wp\/v2\/users\/1"}],"replies":[{"embeddable":true,"href":"https:\/\/sertv.gob.pa\/crisolfm\/wp-json\/wp\/v2\/comments?post=6010"}],"version-history":[{"count":0,"href":"https:\/\/sertv.gob.pa\/crisolfm\/wp-json\/wp\/v2\/posts\/6010\/revisions"}],"wp:featuredmedia":[{"embeddable":true,"href":"https:\/\/sertv.gob.pa\/crisolfm\/wp-json\/wp\/v2\/media\/6011"}],"wp:attachment":[{"href":"https:\/\/sertv.gob.pa\/crisolfm\/wp-json\/wp\/v2\/media?parent=6010"}],"wp:term":[{"taxonomy":"category","embeddable":true,"href":"https:\/\/sertv.gob.pa\/crisolfm\/wp-json\/wp\/v2\/categories?post=6010"},{"taxonomy":"post_tag","embeddable":true,"href":"https:\/\/sertv.gob.pa\/crisolfm\/wp-json\/wp\/v2\/tags?post=6010"}],"curies":[{"name":"wp","href":"https:\/\/api.w.org\/{rel}","templated":true}]}}