{"id":6020,"date":"2016-08-29T16:05:10","date_gmt":"2016-08-29T16:05:10","guid":{"rendered":""},"modified":"2016-08-29T16:05:10","modified_gmt":"2016-08-29T16:05:10","slug":"ii-reunion-regional-en-latinoamerica-del-bonn-challenge","status":"publish","type":"post","link":"https:\/\/sertv.gob.pa\/crisolfm\/ii-reunion-regional-en-latinoamerica-del-bonn-challenge\/","title":{"rendered":"II Reuni\u00f3n Regional en Latinoam\u00e9rica del Bonn Challenge"},"content":{"rendered":"<p>\nMinistros, viceministros de la Regi\u00f3n Centroamericana y Rep\u00fablica Dominicana, as\u00ed como representantes de \u00c1frica y Asia se reunieron en la ciudad de Panam\u00e1 para la Segunda Reuni\u00f3n Regional en Latinoam\u00e9rica del Bonn Challenge, actividad que fue inaugurada por la viceministra de Asuntos Multilaterales y Cooperaci\u00f3n del Ministerio de Relaciones Exteriores Mar\u00eda Luisa Navarro y la titular de MiAmbiente, Mirei Endara. <\/p>\n<p>El Bonn Challenge es una iniciativa mundial impulsada por los gobiernos de Alemania y Noruega y lanzada en septiembre de 2011 en la ciudad alemana de Bonn, la cual tiene como prop\u00f3sito restaurar 150 millones de hect\u00e1reas de tierras degradas y deforestadas en todo el mundo al a\u00f1o 2020. <\/p>\n<p>La organizaci\u00f3n del evento estuvo a cargo del Ministerio de Ambiente de Panam\u00e1 (MiAmbiente) con el apoyo del Programa REDD+ Landscape \/ CCAD implementado por la Deutsche Gesellschaft f\u00fcr Internationale Zusammenarbeit (GIZ) GmbH, por encargo del Ministerio Federal de Medio Ambiente, Protecci\u00f3n de la Naturaleza, Obras P\u00fablicas y Seguridad Nuclear (BMUB, por sus siglas en alem\u00e1n). <\/p>\n<p>La ministra Endara manifest\u00f3 que &lsquo;el Desaf\u00edo de Bonn va m\u00e1s all\u00e1 de una reforestaci\u00f3n masiva a nivel global; se trata de fomentar un espaci\u00f3 de dialogo, cooperaci\u00f3n t\u00e9cnica y fomento de capacidades para avanzar en el cumplimiento de metas propuestas en otros foros relacionados con el tema forestal, la biodiversidad y el uso de suelo, como por ejemplo: las Metas de Biodiversidad de Aichi, las Estrategias Nacionales REDD+ y las iniciativas de Recuperaci\u00f3n de Suelos Degradados. En otras palabras es un veh\u00edculo para la integraci\u00f3n de iniciativas internacionales en nuestros planes de desarrollo nacional&#8217;. <\/p>\n<p>Este a\u00f1o, el Bonn Challenge identific\u00f3 los desaf\u00edos para la implementaci\u00f3n de las acciones de restauraci\u00f3n de paisajes que los pa\u00edses han afrontado, adem\u00e1s, compartieron experiencias en el desarrollo de pol\u00edticas p\u00fablicas. <\/p>\n<p>De esta forma Panam\u00e1 se une al esfuerzo mundial para afrontar la nueva realidad clim\u00e1tica la cual s\u00f3lo se lograr\u00e1 por medio del compromiso de pa\u00eds en apostarle a los recursos naturales y haciendo sinergias con otros pa\u00edses al compartir experiencias de restauraci\u00f3n que implican esfuerzos globales. <\/p>\n<p>\u00a0 <\/p>\n","protected":false},"excerpt":{"rendered":"<p>Ministros, viceministros de la Regi\u00f3n Centroamericana y Rep\u00fablica Dominicana, as\u00ed <a href=\"https:\/\/sertv.gob.pa\/crisolfm\/ii-reunion-regional-en-latinoamerica-del-bonn-challenge\/\"> [&#8230;]<\/a><\/p>\n","protected":false},"author":1,"featured_media":6021,"comment_status":"closed","ping_status":"closed","sticky":false,"template":"","format":"standard","meta":{"footnotes":""},"categories":[7],"tags":[],"class_list":["post-6020","post","type-post","status-publish","format-standard","has-post-thumbnail","hentry","category-ecologicas"],"_links":{"self":[{"href":"https:\/\/sertv.gob.pa\/crisolfm\/wp-json\/wp\/v2\/posts\/6020","targetHints":{"allow":["GET"]}}],"collection":[{"href":"https:\/\/sertv.gob.pa\/crisolfm\/wp-json\/wp\/v2\/posts"}],"about":[{"href":"https:\/\/sertv.gob.pa\/crisolfm\/wp-json\/wp\/v2\/types\/post"}],"author":[{"embeddable":true,"href":"https:\/\/sertv.gob.pa\/crisolfm\/wp-json\/wp\/v2\/users\/1"}],"replies":[{"embeddable":true,"href":"https:\/\/sertv.gob.pa\/crisolfm\/wp-json\/wp\/v2\/comments?post=6020"}],"version-history":[{"count":0,"href":"https:\/\/sertv.gob.pa\/crisolfm\/wp-json\/wp\/v2\/posts\/6020\/revisions"}],"wp:featuredmedia":[{"embeddable":true,"href":"https:\/\/sertv.gob.pa\/crisolfm\/wp-json\/wp\/v2\/media\/6021"}],"wp:attachment":[{"href":"https:\/\/sertv.gob.pa\/crisolfm\/wp-json\/wp\/v2\/media?parent=6020"}],"wp:term":[{"taxonomy":"category","embeddable":true,"href":"https:\/\/sertv.gob.pa\/crisolfm\/wp-json\/wp\/v2\/categories?post=6020"},{"taxonomy":"post_tag","embeddable":true,"href":"https:\/\/sertv.gob.pa\/crisolfm\/wp-json\/wp\/v2\/tags?post=6020"}],"curies":[{"name":"wp","href":"https:\/\/api.w.org\/{rel}","templated":true}]}}